{"id":37089,"date":"2023-01-30T19:28:16","date_gmt":"2023-01-30T19:28:16","guid":{"rendered":"https:\/\/todoapulmon-rafaela.com\/?p=37089"},"modified":"2023-01-30T19:30:56","modified_gmt":"2023-01-30T19:30:56","slug":"emilia-acosta-tuvo-el-primer-selectivo-rumbo-al-mundial-juvenil","status":"publish","type":"post","link":"https:\/\/todoapulmon-rafaela.com\/index.php\/2023\/01\/30\/emilia-acosta-tuvo-el-primer-selectivo-rumbo-al-mundial-juvenil\/","title":{"rendered":"Emilia Acosta tuvo el primer Selectivo rumbo al Mundial Juvenil"},"content":{"rendered":"<p>Se realiz\u00f3 este fin de semana en las instalaciones del CENARD, en la ciudad Aut\u00f3noma de Buenos Aires, el primero de los Selectivos de la Confederaci\u00f3n Argentina de Gimnasia para la conformaci\u00f3n del equipo nacional que disputar\u00e1 el Campeonato Mundial Juvenil de gimnasia art\u00edstica, previsto del 25 de marzo al 3 de abril en Antalya, Turqu\u00eda.<\/p>\n<p>La rafaelina Emilia Acosta, representante de CREAR Club, tuvo una destacada performance quedando tercera a menos de un punto de la primera clasificada. Cabe mencionar que son dos los selectivos establecidos para la definici\u00f3n del seleccionado, estando previsto el segundo para el 18 de febrero.<\/p>\n<p><img loading=\"lazy\" decoding=\"async\" class=\"alignnone size-full wp-image-37091\" src=\"https:\/\/todoapulmon-rafaela.com\/wp-content\/uploads\/2023\/01\/Ingaramo-Acosta-2023.jpg\" alt=\"\" width=\"839\" height=\"1280\" srcset=\"https:\/\/todoapulmon-rafaela.com\/wp-content\/uploads\/2023\/01\/Ingaramo-Acosta-2023.jpg 839w, https:\/\/todoapulmon-rafaela.com\/wp-content\/uploads\/2023\/01\/Ingaramo-Acosta-2023-197x300.jpg 197w\" sizes=\"(max-width: 839px) 100vw, 839px\" \/><\/p>\n<p>Ser\u00e1n tres las gimnastas que viajar\u00e1n a Turqu\u00eda, pero vale aclarar que dos ya est\u00e1n determinadas y son las mejores juveniles, motivo por el cual en estos evaluativos se compite s\u00f3lo por la tercera plaza. La deportista entrenada por V\u00edctor Ingaramo est\u00e1 con buenas expectativas, que tratar\u00e1 de confirmar a mediados del mes que viene.<\/p>\n","protected":false},"excerpt":{"rendered":"<p>Se realiz\u00f3 este fin de semana en las instalaciones del CENARD, en la ciudad Aut\u00f3noma de Buenos Aires, el primero<\/p>\n","protected":false},"author":2,"featured_media":37093,"comment_status":"closed","ping_status":"closed","sticky":false,"template":"","format":"standard","meta":{"footnotes":""},"categories":[24],"tags":[],"class_list":["post-37089","post","type-post","status-publish","format-standard","has-post-thumbnail","hentry","category-noticias-destacadas"],"cc_featured_image_caption":{"caption_text":"Emilia en el CENARD.","source_text":"","source_url":""},"_links":{"self":[{"href":"https:\/\/todoapulmon-rafaela.com\/index.php\/wp-json\/wp\/v2\/posts\/37089"}],"collection":[{"href":"https:\/\/todoapulmon-rafaela.com\/index.php\/wp-json\/wp\/v2\/posts"}],"about":[{"href":"https:\/\/todoapulmon-rafaela.com\/index.php\/wp-json\/wp\/v2\/types\/post"}],"author":[{"embeddable":true,"href":"https:\/\/todoapulmon-rafaela.com\/index.php\/wp-json\/wp\/v2\/users\/2"}],"replies":[{"embeddable":true,"href":"https:\/\/todoapulmon-rafaela.com\/index.php\/wp-json\/wp\/v2\/comments?post=37089"}],"version-history":[{"count":1,"href":"https:\/\/todoapulmon-rafaela.com\/index.php\/wp-json\/wp\/v2\/posts\/37089\/revisions"}],"predecessor-version":[{"id":37092,"href":"https:\/\/todoapulmon-rafaela.com\/index.php\/wp-json\/wp\/v2\/posts\/37089\/revisions\/37092"}],"wp:featuredmedia":[{"embeddable":true,"href":"https:\/\/todoapulmon-rafaela.com\/index.php\/wp-json\/wp\/v2\/media\/37093"}],"wp:attachment":[{"href":"https:\/\/todoapulmon-rafaela.com\/index.php\/wp-json\/wp\/v2\/media?parent=37089"}],"wp:term":[{"taxonomy":"category","embeddable":true,"href":"https:\/\/todoapulmon-rafaela.com\/index.php\/wp-json\/wp\/v2\/categories?post=37089"},{"taxonomy":"post_tag","embeddable":true,"href":"https:\/\/todoapulmon-rafaela.com\/index.php\/wp-json\/wp\/v2\/tags?post=37089"}],"curies":[{"name":"wp","href":"https:\/\/api.w.org\/{rel}","templated":true}]}}