{"id":37084,"date":"2023-01-30T17:44:19","date_gmt":"2023-01-30T17:44:19","guid":{"rendered":"https:\/\/todoapulmon-rafaela.com\/?p=37084"},"modified":"2023-01-30T17:46:45","modified_gmt":"2023-01-30T17:46:45","slug":"el-jugador-de-hockey-que-fue-campeon-olimpico-con-argentina-y-mundial-con-alemania","status":"publish","type":"post","link":"https:\/\/todoapulmon-rafaela.com\/index.php\/2023\/01\/30\/el-jugador-de-hockey-que-fue-campeon-olimpico-con-argentina-y-mundial-con-alemania\/","title":{"rendered":"El jugador de hockey que fue campe\u00f3n ol\u00edmpico con Argentina y mundial con Alemania"},"content":{"rendered":"<p>Este domingo se defini\u00f3 la Copa del Mundo de hockey sobre c\u00e9sped masculino en el Kalinga Stadium, de Bhubaneswar, India. Alemania de un lado, con el argentino Gonzalo Peillat de titular, y B\u00e9lgica, el campe\u00f3n defensor, del otro.<br \/>\nAlemania se consagr\u00f3 campe\u00f3n al vencer al defensor del t\u00edtulo por 5-4 en la tanda de penales australianos, despu\u00e9s de empatar 3 a 3 en el tiempo regular, con un gol de Peillat.<br \/>\nEl seleccionado germano sum\u00f3 su tercera estrella en la historia de la competici\u00f3n tras ganar las ediciones de 2002 en Malasia y 2006 en su propio pa\u00eds. La medalla de bronce qued\u00f3 en poder de Pa\u00edses Bajos, que venci\u00f3 a Australia por 3 a 1 en el partido del tercer puesto, tambi\u00e9n disputado en la ciudad de Bhubaneswar.<br \/>\nLos Leones argentinos finalizaron su participaci\u00f3n el s\u00e1bado con una goleada sobre Gales (6-0) que los ubic\u00f3 novenos en el clasificador general.<\/p>\n<p>EL PORQUE JUEGA PARA ALEMANIA<\/p>\n<p>Peillat jug\u00f3 varios a\u00f1os con la camiseta de Argentina, con la que no s\u00f3lo gan\u00f3 el oro ol\u00edmpico en R\u00edo de Janeiro 2016, sino donde tambi\u00e9n fue tercero en el Mundial 2014 y campe\u00f3n de los Juegos Panamericanos 2015 como de la Copa Panamericana 2017, entre otros t\u00edtulos. Se retir\u00f3 de Los Leones, pas\u00f3 tres a\u00f1os sin jugar en la Selecci\u00f3n, hasta que en marzo del 2022 pudo ser parte del equipo alem\u00e1n. Hoy es campe\u00f3n del mundo.<br \/>\nPeillat se hab\u00eda alejado de Los Leones por diferencias con la dirigencia. \u00abLlevo m\u00e1s de seis a\u00f1os viviendo y trabajando en Alemania, donde paso la mayor parte del a\u00f1o, por lo que planeo seguir planificando mi vida en Mannheim\u201d, hab\u00eda expresado el defensor cuando recibi\u00f3 la ciudadan\u00eda que le permit\u00eda jugar para aquel pa\u00eds.<br \/>\n\u201cVolver al equipo ser\u00eda traicionar valores y a todo lo que estoy diciendo que est\u00e1 mal. No por llamarme \u2018Gonzalo Peillat\u2019 puedo tener privilegios por sobre un juvenil que reci\u00e9n est\u00e1 empezando. Yo a eso lo viv\u00ed, por eso lo digo. En el 2012 se daba la misma situaci\u00f3n que se da ahora. Yo ten\u00eda 17 a\u00f1os y hab\u00eda jugadores que llegaban al entrenamiento 40 minutos tarde y caminando. Pienso que si ese jugador no se hubiera \u2018cagado\u2019 en el equipo, podr\u00edamos haber terminado octavos en lugar del d\u00e9cimo escal\u00f3n. Todo termina siendo una especie de d\u00e9j\u00e0 vu. Los Juegos se mueven un a\u00f1o y no tengo esperanzas de ir\u201d, le dijo en el momento del portazo a P\u00e1gina 12.<br \/>\n\u00abTuve dos renuncias. La primera fue directamente despu\u00e9s de los Juegos Ol\u00edmpicos. Ven\u00edamos de ganar la medalla dorada en R\u00edo y \u00e9ramos un equipo que estaba ah\u00ed y pas\u00f3 lo que pas\u00f3 con el entrenador (Retegui). En ese momento (NdR: Fue en febrero de 2018) dice que no va a continuar. No entend\u00ed c\u00f3mo una persona nos pod\u00eda decir en la cara al equipo campe\u00f3n ol\u00edmpico que no ten\u00eda m\u00e1s ganas de entrenarnos y que no ten\u00eda m\u00e1s energ\u00eda, que necesitaba dar un paso al costado. Al mismo tiempo lo entend\u00ed super honesto, correcto. A los jugadores que est\u00e1bamos en esa reuni\u00f3n nos pareci\u00f3 lo mismo. Pero a las tres semanas pas\u00f3 algo completamente distinto, volvi\u00f3 con doble funci\u00f3n. Entonces d\u00ed mi punto de vista, que aceptarlo me parec\u00eda deshonesto de parte del equipo y a nadie del hockey le result\u00f3 raro\u00bb, record\u00f3.<br \/>\nEn ese descargo, le apunt\u00f3 directamente al Chapa Retegui: \u00abComo t\u00e9cnico nunca lo critiqu\u00e9, es un buen t\u00e9cnico; lo critiqu\u00e9 siempre desde el punto de vista de la persona. A m\u00ed me lo reconocen los hechos, \u00bfpor qu\u00e9 en todos los equipos de Argentina en los \u00faltimos 20 a\u00f1os siempre hubo problemas? Y despu\u00e9s qu\u00e9 hacen, se\u00f1alan a los jugadores, te podr\u00eda hacer una lista. Entonces, por qu\u00e9 no hacemos un poco de autocr\u00edtica y miramos a ver qu\u00e9 personas hubo. Siempre hay problemas. En estos a\u00f1os siempre hago el mismo chiste: &#8216;El hockey de Argentina es un deja v\u00fa&#8217;. Y a m\u00ed me hubiera encantado seguir jugando en la Selecci\u00f3n, siempre lo hice de la mejor manera posible, nunca fui para atr\u00e1s y nunca negoci\u00e9 nada\u00bb.<\/p>\n","protected":false},"excerpt":{"rendered":"<p>Este domingo se defini\u00f3 la Copa del Mundo de hockey sobre c\u00e9sped masculino en el Kalinga Stadium, de Bhubaneswar, India.<\/p>\n","protected":false},"author":2,"featured_media":37086,"comment_status":"closed","ping_status":"closed","sticky":false,"template":"","format":"standard","meta":{"footnotes":""},"categories":[3],"tags":[],"class_list":["post-37084","post","type-post","status-publish","format-standard","has-post-thumbnail","hentry","category-hockey"],"cc_featured_image_caption":{"caption_text":"FOTO TN","source_text":"","source_url":""},"_links":{"self":[{"href":"https:\/\/todoapulmon-rafaela.com\/index.php\/wp-json\/wp\/v2\/posts\/37084"}],"collection":[{"href":"https:\/\/todoapulmon-rafaela.com\/index.php\/wp-json\/wp\/v2\/posts"}],"about":[{"href":"https:\/\/todoapulmon-rafaela.com\/index.php\/wp-json\/wp\/v2\/types\/post"}],"author":[{"embeddable":true,"href":"https:\/\/todoapulmon-rafaela.com\/index.php\/wp-json\/wp\/v2\/users\/2"}],"replies":[{"embeddable":true,"href":"https:\/\/todoapulmon-rafaela.com\/index.php\/wp-json\/wp\/v2\/comments?post=37084"}],"version-history":[{"count":3,"href":"https:\/\/todoapulmon-rafaela.com\/index.php\/wp-json\/wp\/v2\/posts\/37084\/revisions"}],"predecessor-version":[{"id":37088,"href":"https:\/\/todoapulmon-rafaela.com\/index.php\/wp-json\/wp\/v2\/posts\/37084\/revisions\/37088"}],"wp:featuredmedia":[{"embeddable":true,"href":"https:\/\/todoapulmon-rafaela.com\/index.php\/wp-json\/wp\/v2\/media\/37086"}],"wp:attachment":[{"href":"https:\/\/todoapulmon-rafaela.com\/index.php\/wp-json\/wp\/v2\/media?parent=37084"}],"wp:term":[{"taxonomy":"category","embeddable":true,"href":"https:\/\/todoapulmon-rafaela.com\/index.php\/wp-json\/wp\/v2\/categories?post=37084"},{"taxonomy":"post_tag","embeddable":true,"href":"https:\/\/todoapulmon-rafaela.com\/index.php\/wp-json\/wp\/v2\/tags?post=37084"}],"curies":[{"name":"wp","href":"https:\/\/api.w.org\/{rel}","templated":true}]}}