{"id":37038,"date":"2023-01-27T18:12:10","date_gmt":"2023-01-27T18:12:10","guid":{"rendered":"https:\/\/todoapulmon-rafaela.com\/?p=37038"},"modified":"2023-01-27T18:12:10","modified_gmt":"2023-01-27T18:12:10","slug":"mondino-rodriguez-okon-zanatta-y-castillo-en-el-pre-equipo-nacional-u20","status":"publish","type":"post","link":"https:\/\/todoapulmon-rafaela.com\/index.php\/2023\/01\/27\/mondino-rodriguez-okon-zanatta-y-castillo-en-el-pre-equipo-nacional-u20\/","title":{"rendered":"Mondino, Rodriguez, Okon, Zanatta y Castillo en el pre-equipo nacional U20"},"content":{"rendered":"<p>La categor\u00eda U20 tendr\u00e1 numerosa participaci\u00f3n internacional a nivel continental este a\u00f1o. El torneo Sudamericano, entre el 19 y 21 de mayo en Bogot\u00e1 (Colombia), como el Panamericano previsto en Mayaguez (Puerto Rico) del 4 al 6 de agosto son los principales objetivos, dentro de una camada de muy buenos representantes a nivel nacional y en nuestra ciudad en particular.<\/p>\n<p>Prueba de ello es que la Confederaci\u00f3n Argentina de Atletismo elabor\u00f3 un instructivo con la planificaci\u00f3n para esta categor\u00eda, designando un pre-equipo de 77 atletas entre los cuales hay cinco representantes de Rafaela y zona: Tom\u00e1s Mondino (100 y 200 metros llanos), Camila Rodriguez (100 metros llanos), Abril Okon (salto en alto), Angelina Zanatta (marcha) y Benjamin Castillo Molina (obst\u00e1culos). Mondino (Club Ciclista) es entrenado por su padre Ceferino; Rodriguez, Okon y Zanatta (CRAS) por Leandro Bonamino; y Castillo Molina por su padre Luis en Lehmann.<\/p>\n<p>Se aclara que el pre-equipo Nacional es una estructura abierta que permite tanto la incorporaci\u00f3n de nuevos atletas como la baja de aquellos que no cumplan con los pasos de selecci\u00f3n o rendimiento.<\/p>\n<p>El Nacional de la categor\u00eda ser\u00e1 en Rosario los d\u00edas 1 y 2 de abril, mientras que el mismo mes -22 y 23- se realizar\u00e1 un torneo en Posadas (Misiones), que ser\u00e1 evaluativo, junto a atletas de Brasil y Paraguay, denominado ABP. Igualmente, habr\u00e1 oportunidades de establecer marcas habilitantes en los Grand Prix de Concepci\u00f3n del Uruguay, 5 al 7 de mayo; y en el Nacional de Mayores del 12 al 14 de mayo en la misma ciudad entrerriana.<\/p>\n<p><img loading=\"lazy\" decoding=\"async\" class=\"alignnone size-full wp-image-37041\" src=\"https:\/\/todoapulmon-rafaela.com\/wp-content\/uploads\/2023\/01\/Screenshot_20230127-145231_Samsung_Notes1.jpg\" alt=\"\" width=\"720\" height=\"1304\" srcset=\"https:\/\/todoapulmon-rafaela.com\/wp-content\/uploads\/2023\/01\/Screenshot_20230127-145231_Samsung_Notes1.jpg 720w, https:\/\/todoapulmon-rafaela.com\/wp-content\/uploads\/2023\/01\/Screenshot_20230127-145231_Samsung_Notes1-166x300.jpg 166w\" sizes=\"(max-width: 720px) 100vw, 720px\" \/><img loading=\"lazy\" decoding=\"async\" class=\"alignnone size-full wp-image-37040\" src=\"https:\/\/todoapulmon-rafaela.com\/wp-content\/uploads\/2023\/01\/Screenshot_20230127-145210_Samsung_Notes1-1.jpg\" alt=\"\" width=\"715\" height=\"1189\" srcset=\"https:\/\/todoapulmon-rafaela.com\/wp-content\/uploads\/2023\/01\/Screenshot_20230127-145210_Samsung_Notes1-1.jpg 715w, https:\/\/todoapulmon-rafaela.com\/wp-content\/uploads\/2023\/01\/Screenshot_20230127-145210_Samsung_Notes1-1-180x300.jpg 180w\" sizes=\"(max-width: 715px) 100vw, 715px\" \/><\/p>\n<p>&nbsp;<\/p>\n<p>&nbsp;<\/p>\n<p>&nbsp;<\/p>\n","protected":false},"excerpt":{"rendered":"<p>La categor\u00eda U20 tendr\u00e1 numerosa participaci\u00f3n internacional a nivel continental este a\u00f1o. El torneo Sudamericano, entre el 19 y 21<\/p>\n","protected":false},"author":2,"featured_media":37042,"comment_status":"closed","ping_status":"closed","sticky":false,"template":"","format":"standard","meta":{"footnotes":""},"categories":[7,24],"tags":[],"class_list":["post-37038","post","type-post","status-publish","format-standard","has-post-thumbnail","hentry","category-atletismo","category-noticias-destacadas"],"cc_featured_image_caption":{"caption_text":"Tom\u00e1s Mondino, Camila Rodriguez, Benjam\u00edn Castillo Molina, Abril Okon y Angelina Zanatta.","source_text":"","source_url":""},"_links":{"self":[{"href":"https:\/\/todoapulmon-rafaela.com\/index.php\/wp-json\/wp\/v2\/posts\/37038"}],"collection":[{"href":"https:\/\/todoapulmon-rafaela.com\/index.php\/wp-json\/wp\/v2\/posts"}],"about":[{"href":"https:\/\/todoapulmon-rafaela.com\/index.php\/wp-json\/wp\/v2\/types\/post"}],"author":[{"embeddable":true,"href":"https:\/\/todoapulmon-rafaela.com\/index.php\/wp-json\/wp\/v2\/users\/2"}],"replies":[{"embeddable":true,"href":"https:\/\/todoapulmon-rafaela.com\/index.php\/wp-json\/wp\/v2\/comments?post=37038"}],"version-history":[{"count":1,"href":"https:\/\/todoapulmon-rafaela.com\/index.php\/wp-json\/wp\/v2\/posts\/37038\/revisions"}],"predecessor-version":[{"id":37043,"href":"https:\/\/todoapulmon-rafaela.com\/index.php\/wp-json\/wp\/v2\/posts\/37038\/revisions\/37043"}],"wp:featuredmedia":[{"embeddable":true,"href":"https:\/\/todoapulmon-rafaela.com\/index.php\/wp-json\/wp\/v2\/media\/37042"}],"wp:attachment":[{"href":"https:\/\/todoapulmon-rafaela.com\/index.php\/wp-json\/wp\/v2\/media?parent=37038"}],"wp:term":[{"taxonomy":"category","embeddable":true,"href":"https:\/\/todoapulmon-rafaela.com\/index.php\/wp-json\/wp\/v2\/categories?post=37038"},{"taxonomy":"post_tag","embeddable":true,"href":"https:\/\/todoapulmon-rafaela.com\/index.php\/wp-json\/wp\/v2\/tags?post=37038"}],"curies":[{"name":"wp","href":"https:\/\/api.w.org\/{rel}","templated":true}]}}