{"id":37024,"date":"2023-01-26T20:03:21","date_gmt":"2023-01-26T20:03:21","guid":{"rendered":"https:\/\/todoapulmon-rafaela.com\/?p=37024"},"modified":"2023-01-26T20:03:21","modified_gmt":"2023-01-26T20:03:21","slug":"se-viene-el-inicio-de-temporada-para-el-voley-de-atletico","status":"publish","type":"post","link":"https:\/\/todoapulmon-rafaela.com\/index.php\/2023\/01\/26\/se-viene-el-inicio-de-temporada-para-el-voley-de-atletico\/","title":{"rendered":"Se viene el inicio de temporada para el voley de Atl\u00e9tico"},"content":{"rendered":"<p>La subcomisi\u00f3n de V\u00f3ley de Atl\u00e9tico de Rafaela invita al inicio de los entrenamientos de la disciplina en vistas a los torneos de la temporada 2023. La citaci\u00f3n es para el mi\u00e9rcoles 1 de febrero en el Gimnasio N\u00b0 2 de la instituci\u00f3n y est\u00e1 destinada a los deportistas del pasado a\u00f1o, pero con las puertas abiertas para nuevos jugadores.<br \/>\nLas pr\u00e1cticas para las Divisiones Inferiores se llevar\u00e1n a cabo los d\u00edas lunes, mi\u00e9rcoles y viernes de 19:30 a 20:30, mientras que la Primera Divisi\u00f3n Femenina lo har\u00e1n los mismos d\u00edas de 20:30 a 21:30.<br \/>\nLa categor\u00eda Sub 13 (nenas de 10, 11, 12 y 13 a\u00f1os) ser\u00e1 dirigida por Enzo Passarino, en tanto la Sub 18 (14, 15, 16, 17 y 18 a\u00f1os) estar\u00e1 a cargo de Sebasti\u00e1n Molina. La Primera Divisi\u00f3n tendr\u00e1 como Director T\u00e9cnico a Alfio \u00abCoco\u00bb Loyola.<br \/>\nPara consultas e inscripciones acercarse a la secretar\u00eda administrativa \u00abJulio Litvak\u00bb, o en los horarios de entrenamientos en el Gimnasio N\u00b0 2.<\/p>\n","protected":false},"excerpt":{"rendered":"<p>La subcomisi\u00f3n de V\u00f3ley de Atl\u00e9tico de Rafaela invita al inicio de los entrenamientos de la disciplina en vistas a<\/p>\n","protected":false},"author":2,"featured_media":37025,"comment_status":"closed","ping_status":"closed","sticky":false,"template":"","format":"standard","meta":{"footnotes":""},"categories":[16],"tags":[],"class_list":["post-37024","post","type-post","status-publish","format-standard","has-post-thumbnail","hentry","category-voley"],"cc_featured_image_caption":{"caption_text":"FOTO PRENSA ATLETICO","source_text":"","source_url":""},"_links":{"self":[{"href":"https:\/\/todoapulmon-rafaela.com\/index.php\/wp-json\/wp\/v2\/posts\/37024"}],"collection":[{"href":"https:\/\/todoapulmon-rafaela.com\/index.php\/wp-json\/wp\/v2\/posts"}],"about":[{"href":"https:\/\/todoapulmon-rafaela.com\/index.php\/wp-json\/wp\/v2\/types\/post"}],"author":[{"embeddable":true,"href":"https:\/\/todoapulmon-rafaela.com\/index.php\/wp-json\/wp\/v2\/users\/2"}],"replies":[{"embeddable":true,"href":"https:\/\/todoapulmon-rafaela.com\/index.php\/wp-json\/wp\/v2\/comments?post=37024"}],"version-history":[{"count":1,"href":"https:\/\/todoapulmon-rafaela.com\/index.php\/wp-json\/wp\/v2\/posts\/37024\/revisions"}],"predecessor-version":[{"id":37026,"href":"https:\/\/todoapulmon-rafaela.com\/index.php\/wp-json\/wp\/v2\/posts\/37024\/revisions\/37026"}],"wp:featuredmedia":[{"embeddable":true,"href":"https:\/\/todoapulmon-rafaela.com\/index.php\/wp-json\/wp\/v2\/media\/37025"}],"wp:attachment":[{"href":"https:\/\/todoapulmon-rafaela.com\/index.php\/wp-json\/wp\/v2\/media?parent=37024"}],"wp:term":[{"taxonomy":"category","embeddable":true,"href":"https:\/\/todoapulmon-rafaela.com\/index.php\/wp-json\/wp\/v2\/categories?post=37024"},{"taxonomy":"post_tag","embeddable":true,"href":"https:\/\/todoapulmon-rafaela.com\/index.php\/wp-json\/wp\/v2\/tags?post=37024"}],"curies":[{"name":"wp","href":"https:\/\/api.w.org\/{rel}","templated":true}]}}