{"id":37016,"date":"2023-01-26T16:38:33","date_gmt":"2023-01-26T16:38:33","guid":{"rendered":"https:\/\/todoapulmon-rafaela.com\/?p=37016"},"modified":"2023-01-26T16:38:33","modified_gmt":"2023-01-26T16:38:33","slug":"este-ano-sera-muy-emocionante","status":"publish","type":"post","link":"https:\/\/todoapulmon-rafaela.com\/index.php\/2023\/01\/26\/este-ano-sera-muy-emocionante\/","title":{"rendered":"\u00abEste a\u00f1o ser\u00e1 muy emocionante\u00bb"},"content":{"rendered":"<p><strong>(Por prensa Uni\u00f3n Santafesina). <\/strong>En un a\u00f1o muy especial, el del mundial de rugby a realizarse en Francia desde el viernes 8 de septiembre al s\u00e1bado 28 de octubre, el martes 24 de enero se realiz\u00f3 la primer reuni\u00f3n del Consejo Directivo de la USR y se empezaron a delinear las acciones. \u201cEste a\u00f1o ser\u00e1 muy emocionante, y tenemos muchas expectativas\u00bb, comenta Enrique Patrizi, Presidente de la Uni\u00f3n.\u00a0 \u00abEl 4 de marzo arranca el TRL (Torneo Regional del Litoral) en su edici\u00f3n n\u00famero 23 tanto en primera como en segunda divisi\u00f3n, y el 18 del mismo mes lo hacen los clubes de la tercera divisi\u00f3n\u201d.<\/p>\n<p>\u201cPor otro lado, respecto al Rugby de juveniles, el 7 de febrero tenemos una reuni\u00f3n de los directores deportivos de las uniones de Santa Fe y Entre R\u00edos para definir el Fixture del Torneo Dos Orillas que arranca el s\u00e1bado 24 de Marzo. Y el rugby infantil, este a\u00f1o tendr\u00e1 tambi\u00e9n un calendario de encuentros oficiales y encuentros regionales, con fechas a\u00fan a definir\u00bb.<\/p>\n<p>Respecto al Rugby de los clubes en desarrollo, comenta Gonzalo Sarnari, oficial de desarrollo de la USR, \u00absi bien no est\u00e1 todav\u00eda definido el arranque de las competencias, ya han comenzado muchos clubes con sus entrenamientos y organizando sus respectivos planteles y pr\u00e1cticas de rugby. Estimamos un posible inicio de torneos similares al del a\u00f1o pasado para fines de marzo o primeros d\u00edas del mes de abril. Cronograma que ni bien est\u00e9 formalizado se dar\u00e1 a conocer oficialmente\u201d.<\/p>\n<p>El rugby femenino por su parte piensa consolidarse a partir de lo logrado en la temporada pasada y seguir con su crecimiento en lo humano y deportivo.<\/p>\n<p>&nbsp;<\/p>\n","protected":false},"excerpt":{"rendered":"<p>(Por prensa Uni\u00f3n Santafesina). En un a\u00f1o muy especial, el del mundial de rugby a realizarse en Francia desde el<\/p>\n","protected":false},"author":2,"featured_media":37017,"comment_status":"closed","ping_status":"closed","sticky":false,"template":"","format":"standard","meta":{"footnotes":""},"categories":[24,2],"tags":[],"class_list":["post-37016","post","type-post","status-publish","format-standard","has-post-thumbnail","hentry","category-noticias-destacadas","category-rugby"],"cc_featured_image_caption":{"caption_text":"","source_text":"","source_url":""},"_links":{"self":[{"href":"https:\/\/todoapulmon-rafaela.com\/index.php\/wp-json\/wp\/v2\/posts\/37016"}],"collection":[{"href":"https:\/\/todoapulmon-rafaela.com\/index.php\/wp-json\/wp\/v2\/posts"}],"about":[{"href":"https:\/\/todoapulmon-rafaela.com\/index.php\/wp-json\/wp\/v2\/types\/post"}],"author":[{"embeddable":true,"href":"https:\/\/todoapulmon-rafaela.com\/index.php\/wp-json\/wp\/v2\/users\/2"}],"replies":[{"embeddable":true,"href":"https:\/\/todoapulmon-rafaela.com\/index.php\/wp-json\/wp\/v2\/comments?post=37016"}],"version-history":[{"count":1,"href":"https:\/\/todoapulmon-rafaela.com\/index.php\/wp-json\/wp\/v2\/posts\/37016\/revisions"}],"predecessor-version":[{"id":37018,"href":"https:\/\/todoapulmon-rafaela.com\/index.php\/wp-json\/wp\/v2\/posts\/37016\/revisions\/37018"}],"wp:featuredmedia":[{"embeddable":true,"href":"https:\/\/todoapulmon-rafaela.com\/index.php\/wp-json\/wp\/v2\/media\/37017"}],"wp:attachment":[{"href":"https:\/\/todoapulmon-rafaela.com\/index.php\/wp-json\/wp\/v2\/media?parent=37016"}],"wp:term":[{"taxonomy":"category","embeddable":true,"href":"https:\/\/todoapulmon-rafaela.com\/index.php\/wp-json\/wp\/v2\/categories?post=37016"},{"taxonomy":"post_tag","embeddable":true,"href":"https:\/\/todoapulmon-rafaela.com\/index.php\/wp-json\/wp\/v2\/tags?post=37016"}],"curies":[{"name":"wp","href":"https:\/\/api.w.org\/{rel}","templated":true}]}}