{"id":36977,"date":"2023-01-22T23:08:46","date_gmt":"2023-01-22T23:08:46","guid":{"rendered":"https:\/\/todoapulmon-rafaela.com\/?p=36977"},"modified":"2023-01-22T23:20:28","modified_gmt":"2023-01-22T23:20:28","slug":"podios-de-rafaelinas-en-la-paz","status":"publish","type":"post","link":"https:\/\/todoapulmon-rafaela.com\/index.php\/2023\/01\/22\/podios-de-rafaelinas-en-la-paz\/","title":{"rendered":"Podios de rafaelinas en La Paz"},"content":{"rendered":"<p>Los victorienses Tom\u00e1s Clivio y Mar\u00eda Rivero se quedaron con la 38\u00b0 edici\u00f3n del Triatl\u00f3n de La Paz. En varones, Clivio logr\u00f3 un tiempo de 2 horas y 57 segundos; mientras que Rivero se impuso con un registro de 2 horas, 20 minutos y 41 segundos. En juveniles se impuso Thomas Casta\u00f1eda Maldonado, de San Juan.<\/p>\n<p>Las presencias rafaelinas en esta oportunidad, dentro de la competencia de Standard, estuvieron con Susana Hauswirth que con 2h43m 38s fue segunda en su categor\u00eda, y por Gast\u00f3n Guerrero que se ubic\u00f3 24to en su categor\u00eda con 2h 24m 11s.<br \/>\nAsimismo, en MTB Rod. 29, Juliana Selvaggi fue segunda en su categor\u00eda en 1h 34m, llegando adem\u00e1s tercera en la clasificaci\u00f3n general.<\/p>\n<p><img loading=\"lazy\" decoding=\"async\" class=\"alignnone size-full wp-image-36978\" src=\"https:\/\/todoapulmon-rafaela.com\/wp-content\/uploads\/2023\/01\/Screenshot_20230122-195344_Instagram.jpg\" alt=\"\" width=\"720\" height=\"722\" srcset=\"https:\/\/todoapulmon-rafaela.com\/wp-content\/uploads\/2023\/01\/Screenshot_20230122-195344_Instagram.jpg 720w, https:\/\/todoapulmon-rafaela.com\/wp-content\/uploads\/2023\/01\/Screenshot_20230122-195344_Instagram-300x300.jpg 300w, https:\/\/todoapulmon-rafaela.com\/wp-content\/uploads\/2023\/01\/Screenshot_20230122-195344_Instagram-150x150.jpg 150w\" sizes=\"(max-width: 720px) 100vw, 720px\" \/><\/p>\n<p>Este s\u00e1bado la actividad del triatl\u00f3n se adue\u00f1\u00f3 de la ciudad de La Paz. Desde hace d\u00edas la ciudad disfruta de la visita de atletas que se midieron en la 38\u00b0 edici\u00f3n de la tradicional carrera que en su momento fue parte del calendario internacional oficial.<\/p>\n<p>En esta edici\u00f3n, la largada de la categor\u00eda principal se dio por la tarde, a partir de las 16 (aproximadamente). Y tras la largada en la categor\u00eda standard pic\u00f3 en punta el victoriense Tom\u00e1s Clivio, que result\u00f3 ganador de la competencia.<\/p>\n<p>Clivio complet\u00f3 la carrera en dos horas y 57 segundos. Tard\u00f3 25 minutos y 14 segundos en el tramo de nado; 56 minutos y 37 segundos sobre la bicicleta; y 35 minutos con 44 segundos en carrera (sum\u00f3 tres minutos y 19 segundos en los intervalos).<\/p>\n<p>Lo sigui\u00f3 Flavio Morandini, a poco menos de dos minutos de distancia, mientras que el \u00faltimo lugar del podio fue para el anfitri\u00f3n Juan Luqui, que complet\u00f3 la carrera en dos horas, tres minutos y 21 segundos. Tadeo Baruffato (de La Paz) y Luciano Cuenca (Moreno) cerraron el quinteto de punta.<\/p>\n<p>Entre las mujeres tambi\u00e9n result\u00f3 ganadora una entrerriana. Fue Mar\u00eda Rivero, de Victoria, quien se qued\u00f3 con el liderazgo de la competencia y el t\u00edtulo de ganadora de la edici\u00f3n 2023 del Tria.<\/p>\n<p>La victoriense Rivero complet\u00f3 la carrera en dos horas, 20 minutos y 41 segundos. Ese tiempo se compuso de 27 minutos de nado; una hora, cinco minutos y 31 segundos en bicicleta; y 43 minutos y 40 segundos (cuatro minutos y 29 segundos de su tiempo pertenecieron a los intervalos).<\/p>\n<p>Detr\u00e1s de ella qued\u00f3 Romina Rossi Kanan, de Tucum\u00e1n, a poco menos de cuatro minutos; mientras que el podio lo complet\u00f3 la mariagrandense Judith Soreira, que complet\u00f3 el recorrido en dos horas, 27 minutos y 15 segundos. El quinteto de punta lo cerraron Carla Iannarelli (de Rosario) y Sabina Goyeneche (Chajar\u00ed).<br \/>\n<!--\/data\/user\/0\/com.samsung.android.app.notes\/files\/clipdata\/clipdata_bodytext_230122_200408_558.sdocx--><\/p>\n","protected":false},"excerpt":{"rendered":"<p>Los victorienses Tom\u00e1s Clivio y Mar\u00eda Rivero se quedaron con la 38\u00b0 edici\u00f3n del Triatl\u00f3n de La Paz. En varones,<\/p>\n","protected":false},"author":2,"featured_media":36979,"comment_status":"closed","ping_status":"closed","sticky":false,"template":"","format":"standard","meta":{"footnotes":""},"categories":[24,28],"tags":[],"class_list":["post-36977","post","type-post","status-publish","format-standard","has-post-thumbnail","hentry","category-noticias-destacadas","category-triatlon"],"cc_featured_image_caption":{"caption_text":"El podio de Susana Hauswirth.","source_text":"","source_url":""},"_links":{"self":[{"href":"https:\/\/todoapulmon-rafaela.com\/index.php\/wp-json\/wp\/v2\/posts\/36977"}],"collection":[{"href":"https:\/\/todoapulmon-rafaela.com\/index.php\/wp-json\/wp\/v2\/posts"}],"about":[{"href":"https:\/\/todoapulmon-rafaela.com\/index.php\/wp-json\/wp\/v2\/types\/post"}],"author":[{"embeddable":true,"href":"https:\/\/todoapulmon-rafaela.com\/index.php\/wp-json\/wp\/v2\/users\/2"}],"replies":[{"embeddable":true,"href":"https:\/\/todoapulmon-rafaela.com\/index.php\/wp-json\/wp\/v2\/comments?post=36977"}],"version-history":[{"count":2,"href":"https:\/\/todoapulmon-rafaela.com\/index.php\/wp-json\/wp\/v2\/posts\/36977\/revisions"}],"predecessor-version":[{"id":36983,"href":"https:\/\/todoapulmon-rafaela.com\/index.php\/wp-json\/wp\/v2\/posts\/36977\/revisions\/36983"}],"wp:featuredmedia":[{"embeddable":true,"href":"https:\/\/todoapulmon-rafaela.com\/index.php\/wp-json\/wp\/v2\/media\/36979"}],"wp:attachment":[{"href":"https:\/\/todoapulmon-rafaela.com\/index.php\/wp-json\/wp\/v2\/media?parent=36977"}],"wp:term":[{"taxonomy":"category","embeddable":true,"href":"https:\/\/todoapulmon-rafaela.com\/index.php\/wp-json\/wp\/v2\/categories?post=36977"},{"taxonomy":"post_tag","embeddable":true,"href":"https:\/\/todoapulmon-rafaela.com\/index.php\/wp-json\/wp\/v2\/tags?post=36977"}],"curies":[{"name":"wp","href":"https:\/\/api.w.org\/{rel}","templated":true}]}}