{"id":36912,"date":"2023-01-13T11:56:45","date_gmt":"2023-01-13T11:56:45","guid":{"rendered":"https:\/\/todoapulmon-rafaela.com\/?p=36912"},"modified":"2023-01-13T11:56:45","modified_gmt":"2023-01-13T11:56:45","slug":"nuestro-primer-objetivo-es-el-regional","status":"publish","type":"post","link":"https:\/\/todoapulmon-rafaela.com\/index.php\/2023\/01\/13\/nuestro-primer-objetivo-es-el-regional\/","title":{"rendered":"\u00abNuestro primer objetivo es el Regional\u00bb"},"content":{"rendered":"<p>El venidero lunes 16 de enero se estar\u00e1 poniendo en marcha la pretemporada del plantel superior de hockey del C\u00edrculo Rafaelino, iniciando a la vez el ciclo de Adri\u00e1n Kieffer como entrenador y coordinador general de la disciplina en el club.<\/p>\n<p>\u00abEstamos con todas las expectativas, al igual que las chicas, esperando que llegue el lunes. Conozco a varias jugadoras, y el primer objetivo deportivo que nos fijamos es el Regional que se jugar\u00e1 en el mes de marzo\u00bb, nos manifest\u00f3 el coach.<\/p>\n<p>Kieffer expres\u00f3 en cuanto al proyecto integral que \u00abya hemos tenido reuniones con los profesores, el plan de trabajo es hasta 2025 en teor\u00eda. Ya est\u00e1n todos los planes en desarrollo, tenemos varias ideas y sobre todo pasan por impulsar el hockey del club no solo a nivel local sino regional, por eso tenemos el foco de los torneos argentinos tanto en Primera, como Sub16 y Sub 14 que es a fin de a\u00f1o. Y en lo institucional apuntar a tener mayor cantidad de jugadoras\u00bb.<\/p>\n<p>En ese aspecto, Kieffer tambi\u00e9n confirm\u00f3 que continuar\u00e1 la l\u00ednea B en la cual tambi\u00e9n estar\u00e1 abocado. Adem\u00e1s, mencion\u00f3 que est\u00e1 prevista una especie de prueba de jugadoras, detallando que \u00abel lunes comenzamos con el plantel superior, y la otra semana con las inferiores. Invitamos a todas las jugadoras que quieran probar y sumarse a disfrutar de las clases, y con vistas a que se queden en nuestro club, como expectativa tenemos gestionadas medias becas y becas completas\u00bb.<\/p>\n<p>Tambi\u00e9n se refiri\u00f3 a su trabajo con los seleccionados de la FOSH, acotando que \u00abya hace un tiempo que vengo trabajando con selecciones, es un proyecto bastante ambicioso, donde tambi\u00e9n hay muchas competencias y hay que programar y planificar bastante, pero ya est\u00e1 todo en marcha\u00bb.<\/p>\n<p><img loading=\"lazy\" decoding=\"async\" class=\"alignnone size-full wp-image-36913\" src=\"https:\/\/todoapulmon-rafaela.com\/wp-content\/uploads\/2023\/01\/IMG-20230112-WA00001.jpg\" alt=\"\" width=\"1260\" height=\"540\" srcset=\"https:\/\/todoapulmon-rafaela.com\/wp-content\/uploads\/2023\/01\/IMG-20230112-WA00001.jpg 1260w, https:\/\/todoapulmon-rafaela.com\/wp-content\/uploads\/2023\/01\/IMG-20230112-WA00001-300x129.jpg 300w\" sizes=\"(max-width: 1260px) 100vw, 1260px\" \/><\/p>\n<p>&nbsp;<\/p>\n","protected":false},"excerpt":{"rendered":"<p>El venidero lunes 16 de enero se estar\u00e1 poniendo en marcha la pretemporada del plantel superior de hockey del C\u00edrculo<\/p>\n","protected":false},"author":2,"featured_media":36914,"comment_status":"closed","ping_status":"closed","sticky":false,"template":"","format":"standard","meta":{"footnotes":""},"categories":[3,24],"tags":[],"class_list":["post-36912","post","type-post","status-publish","format-standard","has-post-thumbnail","hentry","category-hockey","category-noticias-destacadas"],"cc_featured_image_caption":{"caption_text":"Adri\u00e1n Kieffer se refiri\u00f3 al inicio de la pretemporada y el proyecto que ya est\u00e1 en marcha.","source_text":"","source_url":""},"_links":{"self":[{"href":"https:\/\/todoapulmon-rafaela.com\/index.php\/wp-json\/wp\/v2\/posts\/36912"}],"collection":[{"href":"https:\/\/todoapulmon-rafaela.com\/index.php\/wp-json\/wp\/v2\/posts"}],"about":[{"href":"https:\/\/todoapulmon-rafaela.com\/index.php\/wp-json\/wp\/v2\/types\/post"}],"author":[{"embeddable":true,"href":"https:\/\/todoapulmon-rafaela.com\/index.php\/wp-json\/wp\/v2\/users\/2"}],"replies":[{"embeddable":true,"href":"https:\/\/todoapulmon-rafaela.com\/index.php\/wp-json\/wp\/v2\/comments?post=36912"}],"version-history":[{"count":1,"href":"https:\/\/todoapulmon-rafaela.com\/index.php\/wp-json\/wp\/v2\/posts\/36912\/revisions"}],"predecessor-version":[{"id":36915,"href":"https:\/\/todoapulmon-rafaela.com\/index.php\/wp-json\/wp\/v2\/posts\/36912\/revisions\/36915"}],"wp:featuredmedia":[{"embeddable":true,"href":"https:\/\/todoapulmon-rafaela.com\/index.php\/wp-json\/wp\/v2\/media\/36914"}],"wp:attachment":[{"href":"https:\/\/todoapulmon-rafaela.com\/index.php\/wp-json\/wp\/v2\/media?parent=36912"}],"wp:term":[{"taxonomy":"category","embeddable":true,"href":"https:\/\/todoapulmon-rafaela.com\/index.php\/wp-json\/wp\/v2\/categories?post=36912"},{"taxonomy":"post_tag","embeddable":true,"href":"https:\/\/todoapulmon-rafaela.com\/index.php\/wp-json\/wp\/v2\/tags?post=36912"}],"curies":[{"name":"wp","href":"https:\/\/api.w.org\/{rel}","templated":true}]}}