{"id":36883,"date":"2023-01-11T00:30:45","date_gmt":"2023-01-11T00:30:45","guid":{"rendered":"https:\/\/todoapulmon-rafaela.com\/?p=36883"},"modified":"2023-01-11T00:53:05","modified_gmt":"2023-01-11T00:53:05","slug":"escuelita-de-caballeros-en-marcha-y-el-objetivo-de-la-cancha-propia-para-fin-de-ano-en-9-de-julio","status":"publish","type":"post","link":"https:\/\/todoapulmon-rafaela.com\/index.php\/2023\/01\/11\/escuelita-de-caballeros-en-marcha-y-el-objetivo-de-la-cancha-propia-para-fin-de-ano-en-9-de-julio\/","title":{"rendered":"Escuelita de caballeros en marcha y el objetivo de la cancha propia para fin de a\u00f1o en 9 de Julio"},"content":{"rendered":"<p>Ya est\u00e1n comenzando a moverse los planteles de hockey en nuestra ciudad y 9 de Julio puso manos a la obra en la semana. Este martes nos dimos una vuelta por el club para conocer sobre la puesta en marcha de la Escuelita de Caballeros, para a futuro ir nutriendo al equipo masculino de la instituci\u00f3n, el \u00fanico de la ciudad en esta rama con participaci\u00f3n oficial.<\/p>\n<div style=\"width: 640px;\" class=\"wp-video\"><!--[if lt IE 9]><script>document.createElement('video');<\/script><![endif]-->\n<video class=\"wp-video-shortcode\" id=\"video-36883-1\" width=\"640\" height=\"352\" preload=\"metadata\" controls=\"controls\"><source type=\"video\/mp4\" src=\"https:\/\/todoapulmon-rafaela.com\/wp-content\/uploads\/2023\/01\/VID-20230110-WA0006.mp4?_=1\" \/><a href=\"https:\/\/todoapulmon-rafaela.com\/wp-content\/uploads\/2023\/01\/VID-20230110-WA0006.mp4\">https:\/\/todoapulmon-rafaela.com\/wp-content\/uploads\/2023\/01\/VID-20230110-WA0006.mp4<\/a><\/video><\/div>\n<p>La entrenadora Marcela Mar\u00edn, junto al jugador Ramiro Sola y el presidente de la Subcomisi\u00f3n de la disciplina, Nicol\u00e1s Aversa, expresaron su satisfacci\u00f3n por este nuevo proyecto que hace m\u00e1s integral a la misma.<\/p>\n<p><img loading=\"lazy\" decoding=\"async\" class=\"alignnone size-full wp-image-36888\" src=\"https:\/\/todoapulmon-rafaela.com\/wp-content\/uploads\/2023\/01\/IMG-20230110-WA0005.jpg\" alt=\"\" width=\"1280\" height=\"960\" srcset=\"https:\/\/todoapulmon-rafaela.com\/wp-content\/uploads\/2023\/01\/IMG-20230110-WA0005.jpg 1280w, https:\/\/todoapulmon-rafaela.com\/wp-content\/uploads\/2023\/01\/IMG-20230110-WA0005-300x225.jpg 300w\" sizes=\"(max-width: 1280px) 100vw, 1280px\" \/><\/p>\n<p>\u00abHoy arrancamos con los varones mas peques, es un proyecto nuevo tanto para la ciudad como para el club y la idea es que perdure en el tiempo, y poder sumar muchos varoncitos que a la larga van a ser el futuro de la primera divisi\u00f3n\u00bb, expres\u00f3 la profe.<\/p>\n<p><img loading=\"lazy\" decoding=\"async\" class=\"alignnone size-full wp-image-36889\" src=\"https:\/\/todoapulmon-rafaela.com\/wp-content\/uploads\/2023\/01\/IMG-20230110-WA0004.jpg\" alt=\"\" width=\"899\" height=\"1599\" srcset=\"https:\/\/todoapulmon-rafaela.com\/wp-content\/uploads\/2023\/01\/IMG-20230110-WA0004.jpg 899w, https:\/\/todoapulmon-rafaela.com\/wp-content\/uploads\/2023\/01\/IMG-20230110-WA0004-169x300.jpg 169w, https:\/\/todoapulmon-rafaela.com\/wp-content\/uploads\/2023\/01\/IMG-20230110-WA0004-843x1500.jpg 843w, https:\/\/todoapulmon-rafaela.com\/wp-content\/uploads\/2023\/01\/IMG-20230110-WA0004-864x1536.jpg 864w\" sizes=\"(max-width: 899px) 100vw, 899px\" \/><\/p>\n<p>Sobre d\u00edas y horarios de pr\u00e1ctica, destac\u00f3 que \u00abarrancamos hoy, para hacerlo los martes y jueves de 18 a 19, las edades como reci\u00e9n empieza va de 3-4 a\u00f1os hasta 12-13. Vamos a ser dos o tres profes, jugadores tambi\u00e9n, que nos vamos a ir dividiendo y realizando distintos trabajitos segun las edades. Nosotros aportamos palos, bochas, conitos, tenemos los materiales para proporcionar\u00bb.<\/p>\n<p>Ramiro apoy\u00f3 desde su rol de protagonista del equipo juliense. \u00abEstoy jugando en mayores masculino, y como contaba Marcela es importante rescatar a los peque\u00f1os porque son el futuro, y necesitamos sumar juventud. Lo puedo decir por experiencia, empec\u00e9 de grande, es un deporte hermoso, asi que invito a los peque\u00f1os y principalmente a los padres para que los traigan a conocerlo\u00bb.<\/p>\n<p>En tanto, Nicol\u00e1s destac\u00f3 que \u00abla iniciativa se estaba masticando desde hace un tiempo, este a\u00f1o se termin\u00f3 de definir un poco mas y nos involucramos en mayor medida como subcomisi\u00f3n para su puesta en marcha\u00bb.<\/p>\n<p>Es uno de los objetivos encarados, junto al m\u00e1s importante en el cual est\u00e1n puestos los mayores esfuerzos, que es contar con la cancha sint\u00e9tica propia. En tal sentido, Aversa mencion\u00f3 que \u00abtenemos el proyecto de este a\u00f1o, si Dios quiere y todo va como viene hasta ahora, tener para diciembre el sint\u00e9tico propio en el predio nuevo\u00bb.<\/p>\n<p>Acot\u00f3 que \u00abeso nos abre un poco las puertas para trabajar mas c\u00f3modos. Hoy en d\u00eda el lugar es reducido, y estamos un poco limitados, pero apostamos a que esto crezca y queremos hacer del hockey del &#8216;9&#8217; un gran club, y un gran deporte. No obstante, la idea del club siempre estuvo en formar personas, y por eso apostamos a los mas chiquititos, que es cuando se inician\u00bb.<\/p>\n<p>El dirigente valor\u00f3, ante nuestra consulta sobre el financiamiento de la obra, que \u00abcomo todo lo que se hizo en el club, es &#8216;Todo a Pulm\u00f3n&#8217;, est\u00e1 haciendo un gran esfuerzo tanto la subcomisi\u00f3n como el club en s\u00ed. La Directiva hace un esfuerzo muy grande, ya se pag\u00f3 parte de la carpeta de sint\u00e9tico, y en el mientras tanto estamos preparando el terrreno, que ahi si vamos a tener una ayuda grande de la Municipalidad para la base del compactado de la cancha. Pero la mayor parte de esto sale del hombro de la gente que hay en la Subcomisi\u00f3n, que a fines del a\u00f1o pasado pudimos sumar mucha gente y somos casi 30 personas, con mucha gente joven con ganas de colaborar y laburar, todos apostando por lo mismo\u00bb.<\/p>\n","protected":false},"excerpt":{"rendered":"<p>Ya est\u00e1n comenzando a moverse los planteles de hockey en nuestra ciudad y 9 de Julio puso manos a la<\/p>\n","protected":false},"author":2,"featured_media":36884,"comment_status":"closed","ping_status":"closed","sticky":false,"template":"","format":"standard","meta":{"footnotes":""},"categories":[3,24],"tags":[],"class_list":["post-36883","post","type-post","status-publish","format-standard","has-post-thumbnail","hentry","category-hockey","category-noticias-destacadas"],"cc_featured_image_caption":{"caption_text":"Ramiro Sola, Marcela Marin y Nicol\u00e1s Aversa.","source_text":"","source_url":""},"_links":{"self":[{"href":"https:\/\/todoapulmon-rafaela.com\/index.php\/wp-json\/wp\/v2\/posts\/36883"}],"collection":[{"href":"https:\/\/todoapulmon-rafaela.com\/index.php\/wp-json\/wp\/v2\/posts"}],"about":[{"href":"https:\/\/todoapulmon-rafaela.com\/index.php\/wp-json\/wp\/v2\/types\/post"}],"author":[{"embeddable":true,"href":"https:\/\/todoapulmon-rafaela.com\/index.php\/wp-json\/wp\/v2\/users\/2"}],"replies":[{"embeddable":true,"href":"https:\/\/todoapulmon-rafaela.com\/index.php\/wp-json\/wp\/v2\/comments?post=36883"}],"version-history":[{"count":3,"href":"https:\/\/todoapulmon-rafaela.com\/index.php\/wp-json\/wp\/v2\/posts\/36883\/revisions"}],"predecessor-version":[{"id":36890,"href":"https:\/\/todoapulmon-rafaela.com\/index.php\/wp-json\/wp\/v2\/posts\/36883\/revisions\/36890"}],"wp:featuredmedia":[{"embeddable":true,"href":"https:\/\/todoapulmon-rafaela.com\/index.php\/wp-json\/wp\/v2\/media\/36884"}],"wp:attachment":[{"href":"https:\/\/todoapulmon-rafaela.com\/index.php\/wp-json\/wp\/v2\/media?parent=36883"}],"wp:term":[{"taxonomy":"category","embeddable":true,"href":"https:\/\/todoapulmon-rafaela.com\/index.php\/wp-json\/wp\/v2\/categories?post=36883"},{"taxonomy":"post_tag","embeddable":true,"href":"https:\/\/todoapulmon-rafaela.com\/index.php\/wp-json\/wp\/v2\/tags?post=36883"}],"curies":[{"name":"wp","href":"https:\/\/api.w.org\/{rel}","templated":true}]}}