{"id":36828,"date":"2023-01-06T02:02:52","date_gmt":"2023-01-06T02:02:52","guid":{"rendered":"https:\/\/todoapulmon-rafaela.com\/?p=36828"},"modified":"2023-01-06T02:02:52","modified_gmt":"2023-01-06T02:02:52","slug":"staff-tecnico-del-rugby-en-crar-para-2023","status":"publish","type":"post","link":"https:\/\/todoapulmon-rafaela.com\/index.php\/2023\/01\/06\/staff-tecnico-del-rugby-en-crar-para-2023\/","title":{"rendered":"Staff t\u00e9cnico del rugby en CRAR para 2023"},"content":{"rendered":"<p>En la presentaci\u00f3n de este jueves en el C\u00edrculo Rafaelino de Rugby, no solamente se inform\u00f3 la conformaci\u00f3n del plantel superior, sino tambi\u00e9n en cuanto al rugby juvenil. En esta \u00e1rea, Andr\u00e9s Sorisio y Pablo Trabach\u00edn informaron sobre el comienzo del torneo Dos Orillas el 25 de marzo, que ser\u00e1 un poco m\u00e1s extenso que el a\u00f1o pasado por el regreso de algunos clubes a la competencia, y la alternativa de jugar un Regional M19 a fin de temporada.<\/p>\n<p>PLANTEL SUPERIOR RUGBY (comienzo de pretemporada 21 de enero): Equipo de entrenadores, Alejandro Chiav\u00f3n, Cristian Cinalli, Gustavo Beninca, Daniel Fuglini, Nicol\u00e1s Guti\u00e9rrez y Orlando Long. PF: Eduardo Gentile.<\/p>\n<p>Managers: Luis Bertoni, El\u00edas Insaurralde, Carlos Rubiolo.<\/p>\n<p>Colaboradores: Pablo Kerstens, Alberto Rocchi, Dami\u00e1n De la Riva, Mario Coria, Ra\u00fal Eguiazu y Omar Ferrero.<\/p>\n<p>Analista de Video: Fabi\u00e1n Montesano.<\/p>\n<p>RUGBY JUVENIL: M15, entrenadores, Mauro Long, Alejandro Ferraris, Eduardo Cesano. Managers: Mariano Bassano, Orlando Pogliani.<\/p>\n<p>M16: Entrenadores, Nicol\u00e1s Sorisio, Diego Rivas, Jos\u00e9 Francone. Managers: Gustavo Ferrarese y Aldo Ojeda.<\/p>\n<p>M17: Entrenadores, Diego Acosta, Walter Butto, Mart\u00edn Zegaib. Managers: Mariano Astesano, Cristian Appo.<\/p>\n<p>M19: Entrenadores, C\u00e9sar Mandrille, Maximiliano Bertholt, Mariano Pizzi, Rodrigo Simondi. Managers: Antonio Monroig, Mart\u00edn Errecat.<\/p>\n<p>Preparadores f\u00edsicos M17-M19, Jos\u00e9 Campos.<\/p>\n<p>Entrenador Line: Mariano Ferrero.<\/p>\n<p>Coordinaci\u00f3n Managers: Guillermo Zamora.<\/p>\n<p>Coordinaci\u00f3n general: Ramiro Farias.<\/p>\n","protected":false},"excerpt":{"rendered":"<p>En la presentaci\u00f3n de este jueves en el C\u00edrculo Rafaelino de Rugby, no solamente se inform\u00f3 la conformaci\u00f3n del plantel<\/p>\n","protected":false},"author":2,"featured_media":36829,"comment_status":"closed","ping_status":"closed","sticky":false,"template":"","format":"standard","meta":{"footnotes":""},"categories":[24,2],"tags":[],"class_list":["post-36828","post","type-post","status-publish","format-standard","has-post-thumbnail","hentry","category-noticias-destacadas","category-rugby"],"cc_featured_image_caption":{"caption_text":"","source_text":"","source_url":""},"_links":{"self":[{"href":"https:\/\/todoapulmon-rafaela.com\/index.php\/wp-json\/wp\/v2\/posts\/36828"}],"collection":[{"href":"https:\/\/todoapulmon-rafaela.com\/index.php\/wp-json\/wp\/v2\/posts"}],"about":[{"href":"https:\/\/todoapulmon-rafaela.com\/index.php\/wp-json\/wp\/v2\/types\/post"}],"author":[{"embeddable":true,"href":"https:\/\/todoapulmon-rafaela.com\/index.php\/wp-json\/wp\/v2\/users\/2"}],"replies":[{"embeddable":true,"href":"https:\/\/todoapulmon-rafaela.com\/index.php\/wp-json\/wp\/v2\/comments?post=36828"}],"version-history":[{"count":1,"href":"https:\/\/todoapulmon-rafaela.com\/index.php\/wp-json\/wp\/v2\/posts\/36828\/revisions"}],"predecessor-version":[{"id":36830,"href":"https:\/\/todoapulmon-rafaela.com\/index.php\/wp-json\/wp\/v2\/posts\/36828\/revisions\/36830"}],"wp:featuredmedia":[{"embeddable":true,"href":"https:\/\/todoapulmon-rafaela.com\/index.php\/wp-json\/wp\/v2\/media\/36829"}],"wp:attachment":[{"href":"https:\/\/todoapulmon-rafaela.com\/index.php\/wp-json\/wp\/v2\/media?parent=36828"}],"wp:term":[{"taxonomy":"category","embeddable":true,"href":"https:\/\/todoapulmon-rafaela.com\/index.php\/wp-json\/wp\/v2\/categories?post=36828"},{"taxonomy":"post_tag","embeddable":true,"href":"https:\/\/todoapulmon-rafaela.com\/index.php\/wp-json\/wp\/v2\/tags?post=36828"}],"curies":[{"name":"wp","href":"https:\/\/api.w.org\/{rel}","templated":true}]}}