{"id":36782,"date":"2023-01-02T16:20:28","date_gmt":"2023-01-02T16:20:28","guid":{"rendered":"https:\/\/todoapulmon-rafaela.com\/?p=36782"},"modified":"2023-01-02T16:20:28","modified_gmt":"2023-01-02T16:20:28","slug":"comenzo-todos-al-agua-en-la-pileta-del-cef-no53","status":"publish","type":"post","link":"https:\/\/todoapulmon-rafaela.com\/index.php\/2023\/01\/02\/comenzo-todos-al-agua-en-la-pileta-del-cef-no53\/","title":{"rendered":"Comenz\u00f3 \u201cTodos al agua\u201d en la pileta del CEF N\u00ba53"},"content":{"rendered":"<div>La Municipalidad de Rafaela lleva adelante el programa \u00abTodos al agua\u00bb, dirigido a ni\u00f1os y ni\u00f1as de 6 a 12 a\u00f1os que viven en nuestra ciudad. Tiene como objetivo la inclusi\u00f3n social desde un lugar de recreaci\u00f3n y aprendizaje. Los interesados en participar deben inscribirse en la sede vecinal de su sector con la planilla remitida por la Subsecretar\u00eda de Deportes y Recreaci\u00f3n.<\/div>\n<div><\/div>\n<div>Recordemos que este programa municipal es gratuito y se desarrolla durante los meses de diciembre, enero y febrero, de lunes a viernes en el horario de 9:00 a 12:00. Este a\u00f1o se utilizar\u00e1 la pileta municipal de la Granja El Ceibo, la del CEF N\u00b053 y una nueva, ubicada en el Centro de D\u00eda Oeste (ex Club Policial).<\/div>\n<div><\/div>\n<div>\u00abHoy se puso en marcha \u201cTodos al agua\u201d en el CEF N\u00ba53 en conjunto con el programa provincial \u201cVerano Activo\u201d, donde concurren 200 chicos y chicas que pertenecen al barrio 2 de Abril, Villa \u00a0del Parque, Villa Podio, F\u00e1tima, Villa Rosas y Belgrano\u201d, manifest\u00f3 el subsecretario de Deportes y Recreaci\u00f3n, Ignacio Podio.<\/div>\n<div><\/div>\n<div>\u00abA esta pileta, se suma la Granja El Ceibo (calles Chaco y J. V. Gonz\u00e1lez) y la del Centro de D\u00eda Oeste, en avenida Luis Fanti 1680, que nos permite que m\u00e1s ni\u00f1os y ni\u00f1as disfruten del agua y aprendan a nadar\u201d, destac\u00f3 Podio.<\/div>\n<div><\/div>\n<div>Adem\u00e1s, agreg\u00f3 que el \u201ccierre del programa ser\u00e1 el 25 de febrero, teniendo en cuenta que la propuesta es que los chicos y chicas tengan actividades para hacer en esta \u00e9poca donde no hay clases\u201d.<\/div>\n<div><\/div>\n<div><strong>Per\u00edodos<\/strong><\/div>\n<div>Se continuar\u00e1 trabajando con la modalidad de per\u00edodos destinados a cada barrio para asistir. Cada uno de ellos ser\u00e1 informado previamente para la realizaci\u00f3n de las inscripciones.<\/div>\n<div><\/div>\n<div><strong>Escuelita de nataci\u00f3n<\/strong><\/div>\n<div>En el predio de la pileta municipal Granja \u00abEl Ceibo\u00bb (Chaco y Joaqu\u00edn V. Gonz\u00e1lez), de 14:00 a 17:00, se desarrollar\u00e1 la escuelita de nataci\u00f3n para todas las personas interesadas de 12 a\u00f1os en adelante.<\/div>\n<div><\/div>\n<div>En tanto, en el Centro de D\u00eda Oeste, por la tarde, se desarrollar\u00e1n actividades deportivas, recreativas y acu\u00e1ticas destinadas a ni\u00f1os y ni\u00f1as de 6 a 12 a\u00f1os.<\/div>\n","protected":false},"excerpt":{"rendered":"<p>La Municipalidad de Rafaela lleva adelante el programa \u00abTodos al agua\u00bb, dirigido a ni\u00f1os y ni\u00f1as de 6 a 12<\/p>\n","protected":false},"author":2,"featured_media":36783,"comment_status":"closed","ping_status":"closed","sticky":false,"template":"","format":"standard","meta":{"footnotes":""},"categories":[26],"tags":[],"class_list":["post-36782","post","type-post","status-publish","format-standard","has-post-thumbnail","hentry","category-natacion"],"cc_featured_image_caption":{"caption_text":"FOTO PRENSA MUNICIPALIDAD","source_text":"","source_url":""},"_links":{"self":[{"href":"https:\/\/todoapulmon-rafaela.com\/index.php\/wp-json\/wp\/v2\/posts\/36782"}],"collection":[{"href":"https:\/\/todoapulmon-rafaela.com\/index.php\/wp-json\/wp\/v2\/posts"}],"about":[{"href":"https:\/\/todoapulmon-rafaela.com\/index.php\/wp-json\/wp\/v2\/types\/post"}],"author":[{"embeddable":true,"href":"https:\/\/todoapulmon-rafaela.com\/index.php\/wp-json\/wp\/v2\/users\/2"}],"replies":[{"embeddable":true,"href":"https:\/\/todoapulmon-rafaela.com\/index.php\/wp-json\/wp\/v2\/comments?post=36782"}],"version-history":[{"count":1,"href":"https:\/\/todoapulmon-rafaela.com\/index.php\/wp-json\/wp\/v2\/posts\/36782\/revisions"}],"predecessor-version":[{"id":36784,"href":"https:\/\/todoapulmon-rafaela.com\/index.php\/wp-json\/wp\/v2\/posts\/36782\/revisions\/36784"}],"wp:featuredmedia":[{"embeddable":true,"href":"https:\/\/todoapulmon-rafaela.com\/index.php\/wp-json\/wp\/v2\/media\/36783"}],"wp:attachment":[{"href":"https:\/\/todoapulmon-rafaela.com\/index.php\/wp-json\/wp\/v2\/media?parent=36782"}],"wp:term":[{"taxonomy":"category","embeddable":true,"href":"https:\/\/todoapulmon-rafaela.com\/index.php\/wp-json\/wp\/v2\/categories?post=36782"},{"taxonomy":"post_tag","embeddable":true,"href":"https:\/\/todoapulmon-rafaela.com\/index.php\/wp-json\/wp\/v2\/tags?post=36782"}],"curies":[{"name":"wp","href":"https:\/\/api.w.org\/{rel}","templated":true}]}}