{"id":36764,"date":"2022-12-29T21:12:09","date_gmt":"2022-12-29T21:12:09","guid":{"rendered":"https:\/\/todoapulmon-rafaela.com\/?p=36764"},"modified":"2022-12-29T21:13:11","modified_gmt":"2022-12-29T21:13:11","slug":"lolo-colidio-jugara-en-pampas","status":"publish","type":"post","link":"https:\/\/todoapulmon-rafaela.com\/index.php\/2022\/12\/29\/lolo-colidio-jugara-en-pampas\/","title":{"rendered":"Lolo Colidio jugar\u00e1 en Pampas"},"content":{"rendered":"<div id=\"m#msg-a:r-278742506292111616\" class=\"mail-message expanded\">\n<div class=\"mail-message-content collapsible zoom-normal mail-show-images \">\n<div class=\"clear\">\n<div dir=\"ltr\">Lo que naci\u00f3 como la Superliga Americana de Rugby (SLAR) ahora ha sido rebautizada y se cambi\u00f3 un poco su estructura (fundamentalmente por la renovaci\u00f3n de equipos), pero la esencia de esta gran torneo continental no se altera: es la competencia por excelencia, que sostiene y promueve el desarrollo de jugadores en la regi\u00f3n.<br \/>\nEl S\u00faper Rugby Am\u00e9ricas, cuyo estreno se producir\u00e1 el 18 de febrero, es la flamante identidad del campeonato que re\u00fane a los mejores combinados profesionales del continente y, por primera vez, nuestro pa\u00eds estar\u00e1 representado por dos franquicias: Pampas y Dogos XV (la Uni\u00f3n C\u00f3rdobesa de Rugby tiene a su cargo el control de este equipo).<br \/>\nPampas es la franquicia nacional que reemplazar\u00e1 a Jaguares XV, plantel cuyo head coach seguir\u00e1 siendo Ignacio Fern\u00e1ndez Lobbe, y como asistentes estar\u00e1n Sebasti\u00e1n Yav\u00edcoli (entrenador de backs) y Conrado Gonz\u00e1lez Bravo (entrenador de forwards). Entre los convocados cabe mencionar al rafaelino Lorenzo Colidio, que disput\u00f3 esta competencia en 2021 con Olimpia Lions, y ahora lo har\u00e1 con uno de los equipos argentinos. Recordemos que el forward surgido del CRAR viene de consagrarse campe\u00f3n del Torneo del Interior con Duendes de Rosario, y que tambi\u00e9n integr\u00f3 el seleccionado de Los Pumitas y Argentina XV.<br \/>\nSobre esta novedosa experiencia, el entrenador Ignacio Fern\u00e1ndez Lobbe comparti\u00f3 el siguiente an\u00e1lisis: \u201cB\u00e1sicamente va a ser un nuevo desaf\u00edo para todos, ya que al crearse otra franquicia local va a existir la posibilidad de desarrollar m\u00e1s jugadores. Es muy valioso el hecho de que los jugadores tengan el espacio para poder desarrollarse en el pa\u00eds; eso es algo que tambi\u00e9n impone responsabilidad para todos. El S\u00faper Rugby Am\u00e9ricas es un gran desaf\u00edo, en todo sentido\u00bb.<br \/>\nPara afrontar esta nueva temporada, que durar\u00e1 unos cinco meses (la final ser\u00e1 el 9 de junio), se conform\u00f3 un preseleccionado de 39 jugadores (21 forwards y 18 backs), que iniciar\u00e1n la pretemporada el lunes 16 de enero en Casa Pumas. Entre los jugadores elegidos han varios jugadores nuevos, y se destaca la presencia del Puma Eliseo Morales. Tambi\u00e9n hay varios que ya tienen experiencia en este certamen, como es el caso de Rodrigo Fern\u00e1ndez Criado, de regreso en el pa\u00eds tras su paso como joker medical en el Montauban franc\u00e9s.<br \/>\nEl preseleccionado de 39 jugadores de Pampas que realizar\u00e1 la pretemporada para el S\u00faper Rugby Am\u00e9ricas es el siguiente:<br \/>\n<strong>Forwards:<\/strong>\u00a0Corval\u00e1n Javier\u00a0(pilar \/ Deportiva Francesa), Medrano Mat\u00edas\u00a0(pilar \/ Regatas Bella Vista), Prince Miguel\u00a0(pilar \/ Newman), Gurovich Ramiro\u00a0(hooker \/ Club Estudiantes), Minoyetti Valentino\u00a0(hooker \/ Buenos Aires C&amp;RC), P\u00e9rez Boulan Rodrigo\u00a0(hooker \/ Lomas Athletic), Coronel Javier\u00a0(pilar \/ Universitario de La Plata), Villar Mart\u00edn\u00a0(pilar \/ Lomas Athletic), Zanella Renzo\u00a0(pilar \/ Comercial RC),\u00a0<strong>Colidio Lorenzo\u00a0(segunda l\u00ednea \/ Duendes RC)<\/strong>, Ureta Jer\u00f3nimo\u00a0(segunda l\u00ednea \/ Newman), Carrera Franco\u00a0(segunda l\u00ednea \/ San Cirano), Fern\u00e1ndez Criado Rodrigo\u00a0(segunda l\u00ednea \/ Belgrano Athletic), Fourcade Eliseo\u00a0(segunda l\u00ednea \/ Pucar\u00e1), Lavanini Federico\u00a0(segunda l\u00ednea \/ Hind\u00fa Club), Berstein Manuel\u00a0(ala \/ Club de Rugby Ateneo Inmaculada), Chiavassa Eliseo\u00a0(ala \/ Los Tilos), D&#8217;Amorin Nicol\u00e1s\u00a0(ala \/ Hind\u00fa Club), Bares Felipe\u00a0(ala \/ Los Tilos), Grondona Benjam\u00edn\u00a0(octavo \/ Champagnat), Ruiz\u00a0 Santiago\u00a0(octavo \/ Regatas Bella Vista).<br \/>\n<strong>Backs:\u00a0<\/strong>Albanese Mateo\u00a0(medio-scrum \/ SIC), Di Biase Tom\u00e1s\u00a0(medio-scrum \/ Deportiva Francesa), Iriarte Rafael\u00a0(medio-scrum \/ CUBA), Morales Eliseo\u00a0(medio-scrum \/ Universitario de Salta), De la Vega Mend\u00eda Joaqu\u00edn\u00a0(apertura \/ Hind\u00fa Club), Lamas Joaqu\u00edn\u00a0(apertura \/ SIC), Su\u00e1rez Folch Tom\u00e1s\u00a0(apertura \/ La Plata RC), Passaro Tom\u00e1s\u00a0(wing \/ CUBA), Ulloa Jer\u00f3nimo\u00a0(wing \/ Newman), Alfaro Manuel\u00a0(centro \/ Banco Naci\u00f3n), De la Vega Felipe\u00a0(centro \/ CUBA), Castro Juan Pablo\u00a0(centro \/ San Juan RC), Castro Santiago\u00a0(wing \/ San Mart\u00edn), Delguyt I\u00f1aki \u00a0(wing \/ Pucar\u00e1), Lucero Ignacio\u00a0(wing \/ Mendoza RC), Pannochia Mateo\u00a0(wing \/ Los Tordos), Elizalde Benjam\u00edn\u00a0(fullback \/ Tigres RC) y Land\u00f3 Juan Ignacio\u00a0(fullback \/ Belgrano Athletic).<\/div>\n<\/div>\n<\/div>\n<div class=\"mail-message-footer spacer collapsible\"><\/div>\n<\/div>\n","protected":false},"excerpt":{"rendered":"<p>Lo que naci\u00f3 como la Superliga Americana de Rugby (SLAR) ahora ha sido rebautizada y se cambi\u00f3 un poco su<\/p>\n","protected":false},"author":2,"featured_media":34292,"comment_status":"closed","ping_status":"closed","sticky":false,"template":"","format":"standard","meta":{"footnotes":""},"categories":[24,2],"tags":[],"class_list":["post-36764","post","type-post","status-publish","format-standard","has-post-thumbnail","hentry","category-noticias-destacadas","category-rugby"],"cc_featured_image_caption":{"caption_text":"","source_text":"","source_url":""},"_links":{"self":[{"href":"https:\/\/todoapulmon-rafaela.com\/index.php\/wp-json\/wp\/v2\/posts\/36764"}],"collection":[{"href":"https:\/\/todoapulmon-rafaela.com\/index.php\/wp-json\/wp\/v2\/posts"}],"about":[{"href":"https:\/\/todoapulmon-rafaela.com\/index.php\/wp-json\/wp\/v2\/types\/post"}],"author":[{"embeddable":true,"href":"https:\/\/todoapulmon-rafaela.com\/index.php\/wp-json\/wp\/v2\/users\/2"}],"replies":[{"embeddable":true,"href":"https:\/\/todoapulmon-rafaela.com\/index.php\/wp-json\/wp\/v2\/comments?post=36764"}],"version-history":[{"count":1,"href":"https:\/\/todoapulmon-rafaela.com\/index.php\/wp-json\/wp\/v2\/posts\/36764\/revisions"}],"predecessor-version":[{"id":36765,"href":"https:\/\/todoapulmon-rafaela.com\/index.php\/wp-json\/wp\/v2\/posts\/36764\/revisions\/36765"}],"wp:featuredmedia":[{"embeddable":true,"href":"https:\/\/todoapulmon-rafaela.com\/index.php\/wp-json\/wp\/v2\/media\/34292"}],"wp:attachment":[{"href":"https:\/\/todoapulmon-rafaela.com\/index.php\/wp-json\/wp\/v2\/media?parent=36764"}],"wp:term":[{"taxonomy":"category","embeddable":true,"href":"https:\/\/todoapulmon-rafaela.com\/index.php\/wp-json\/wp\/v2\/categories?post=36764"},{"taxonomy":"post_tag","embeddable":true,"href":"https:\/\/todoapulmon-rafaela.com\/index.php\/wp-json\/wp\/v2\/tags?post=36764"}],"curies":[{"name":"wp","href":"https:\/\/api.w.org\/{rel}","templated":true}]}}