{"id":36759,"date":"2022-12-29T12:52:06","date_gmt":"2022-12-29T12:52:06","guid":{"rendered":"https:\/\/todoapulmon-rafaela.com\/?p=36759"},"modified":"2022-12-29T12:53:09","modified_gmt":"2022-12-29T12:53:09","slug":"el-club-ciclista-prepara-su-campus-de-verano","status":"publish","type":"post","link":"https:\/\/todoapulmon-rafaela.com\/index.php\/2022\/12\/29\/el-club-ciclista-prepara-su-campus-de-verano\/","title":{"rendered":"El Club Ciclista prepara su Campus de Verano"},"content":{"rendered":"<p>Como ya viene siendo una costumbre desde hace m\u00e1s de diez a\u00f1os, el Club Ciclista de Rafaela tendr\u00e1 durante enero y febrero su Campus de Entrenamiento para corredores a cargo de Daniel Capella.<\/p>\n<p>Las actividades con los pedalistas pr\u00e1cticamente no se detuvo m\u00e1s all\u00e1 de las celebraciones de Navidad y A\u00f1o Nuevo, y a partir de los primeros d\u00edas de enero estar\u00e1 llegando la mayor parte de los deportistas de distintos puntos del pa\u00eds, enfoc\u00e1ndose en lo que ser\u00e1 el Campeonato Argentino de Ruta a correrse en la provincia de Buenos Aires a fines de febrero.<\/p>\n<p><img loading=\"lazy\" decoding=\"async\" class=\"alignnone size-full wp-image-36761\" src=\"https:\/\/todoapulmon-rafaela.com\/wp-content\/uploads\/2022\/12\/Flyer-Club-Ciclista.jpg\" alt=\"\" width=\"526\" height=\"526\" srcset=\"https:\/\/todoapulmon-rafaela.com\/wp-content\/uploads\/2022\/12\/Flyer-Club-Ciclista.jpg 526w, https:\/\/todoapulmon-rafaela.com\/wp-content\/uploads\/2022\/12\/Flyer-Club-Ciclista-300x300.jpg 300w, https:\/\/todoapulmon-rafaela.com\/wp-content\/uploads\/2022\/12\/Flyer-Club-Ciclista-150x150.jpg 150w\" sizes=\"(max-width: 526px) 100vw, 526px\" \/><\/p>\n<p>Durante estas semanas de trabajo las actividades se desarrollar\u00e1n en doble turno, en distintos grupos, tanto en pista como en ruta. Los chicos van a estar llegando a nuestra ciudad de acuerdo a la comodidad y la disponibilidad de los padres para traerlos, en este per\u00edodo de vacaciones.<\/p>\n<p>En el Club se pueden alojar teniendo adem\u00e1s del vel\u00f3dromo, el gimnasio para complementar la preparaci\u00f3n. Ya hay una base de 20 corredores confirmada y se ir\u00e1n sumando m\u00e1s inscripciones. Vendr\u00e1 tambi\u00e9n en estas semanas el profesor de la selecci\u00f3n argentina Gustavo Leiva, que est\u00e1 a cargo de la parte de pesas, para ir testeando chicos.<\/p>\n","protected":false},"excerpt":{"rendered":"<p>Como ya viene siendo una costumbre desde hace m\u00e1s de diez a\u00f1os, el Club Ciclista de Rafaela tendr\u00e1 durante enero<\/p>\n","protected":false},"author":2,"featured_media":36760,"comment_status":"closed","ping_status":"closed","sticky":false,"template":"","format":"standard","meta":{"footnotes":""},"categories":[4,24],"tags":[],"class_list":["post-36759","post","type-post","status-publish","format-standard","has-post-thumbnail","hentry","category-ciclismo","category-noticias-destacadas"],"cc_featured_image_caption":{"caption_text":"","source_text":"","source_url":""},"_links":{"self":[{"href":"https:\/\/todoapulmon-rafaela.com\/index.php\/wp-json\/wp\/v2\/posts\/36759"}],"collection":[{"href":"https:\/\/todoapulmon-rafaela.com\/index.php\/wp-json\/wp\/v2\/posts"}],"about":[{"href":"https:\/\/todoapulmon-rafaela.com\/index.php\/wp-json\/wp\/v2\/types\/post"}],"author":[{"embeddable":true,"href":"https:\/\/todoapulmon-rafaela.com\/index.php\/wp-json\/wp\/v2\/users\/2"}],"replies":[{"embeddable":true,"href":"https:\/\/todoapulmon-rafaela.com\/index.php\/wp-json\/wp\/v2\/comments?post=36759"}],"version-history":[{"count":2,"href":"https:\/\/todoapulmon-rafaela.com\/index.php\/wp-json\/wp\/v2\/posts\/36759\/revisions"}],"predecessor-version":[{"id":36763,"href":"https:\/\/todoapulmon-rafaela.com\/index.php\/wp-json\/wp\/v2\/posts\/36759\/revisions\/36763"}],"wp:featuredmedia":[{"embeddable":true,"href":"https:\/\/todoapulmon-rafaela.com\/index.php\/wp-json\/wp\/v2\/media\/36760"}],"wp:attachment":[{"href":"https:\/\/todoapulmon-rafaela.com\/index.php\/wp-json\/wp\/v2\/media?parent=36759"}],"wp:term":[{"taxonomy":"category","embeddable":true,"href":"https:\/\/todoapulmon-rafaela.com\/index.php\/wp-json\/wp\/v2\/categories?post=36759"},{"taxonomy":"post_tag","embeddable":true,"href":"https:\/\/todoapulmon-rafaela.com\/index.php\/wp-json\/wp\/v2\/tags?post=36759"}],"curies":[{"name":"wp","href":"https:\/\/api.w.org\/{rel}","templated":true}]}}