{"id":3673,"date":"2016-11-17T13:23:07","date_gmt":"2016-11-17T13:23:07","guid":{"rendered":"http:\/\/todoapulmon-rafaela.com\/?p=3673"},"modified":"2016-11-17T13:23:07","modified_gmt":"2016-11-17T13:23:07","slug":"el-club-ciclista-anfitrion-del-encuentro-de-escuelas","status":"publish","type":"post","link":"https:\/\/todoapulmon-rafaela.com\/index.php\/2016\/11\/17\/el-club-ciclista-anfitrion-del-encuentro-de-escuelas\/","title":{"rendered":"El Club Ciclista, anfitri\u00f3n del Encuentro de Escuelas"},"content":{"rendered":"<p>Este fin de semana, entre el viernes 18 y domingo 20, el Club Ciclista de Rafaela organizar\u00e1 el primer Encuentro Nacional de Escuelas de Ciclismo, el cual convocar\u00e1 a m\u00e1s de 70 peque\u00f1os pedalistas. Para esta interesante primera iniciativa que tiene como fin integrar a chicos de todo el pa\u00eds por intermedio de las bicis, han confirmado su presencia delegaciones de La Rioja, Formosa, Paran\u00e1, Nogoy\u00e1, San Nicol\u00e1s, Crespo, entre otras ciudades, a los que se sumar\u00e1n los anfitriones.<br \/>\nLa modalidad apuntada en esta realizaci\u00f3n tiene que ver mucho con la parte l\u00fadica, lo cual har\u00e1 que sea divertida para los peque\u00f1os protagonistas.<br \/>\nAdem\u00e1s, como broche de oro para esta programaci\u00f3n, el d\u00eda s\u00e1bado se contar\u00e1 con la presencia de Walter P\u00e9rez. El<br \/>\ncampe\u00f3n ol\u00edmpico en Beijing 2008 (junto a Juan Curuchet en la Madison), brindar\u00e1 una charla a las 18 para los chicos sobre diferentes aspectos de su carrera y, a partir de las 19 en continuado para adultos. Ambas ser\u00e1n de acceso p\u00fablico. Todas las actividades se desarrollar\u00e1n en el predio y sal\u00f3n de la instituci\u00f3n.<br \/>\nPor la noche del s\u00e1bado, est\u00e1 prevista la cena aniversario del 25\u00b0 aniversario de la inauguraci\u00f3n del vel\u00f3dromo \u00abH\u00e9ctor Cassina\u00bb.<\/p>\n<p>En Todo a Pulm\u00f3n radio dialogamos con Hugo Vazquez, quien explic\u00f3 detalles de como prepara el Club Ciclista el Encuentro y sobre la presencia de Walter P\u00e9rez. Aqu\u00ed el audio:<\/p>\n<!--[if lt IE 9]><script>document.createElement('audio');<\/script><![endif]-->\n<audio class=\"wp-audio-shortcode\" id=\"audio-3673-1\" preload=\"none\" style=\"width: 100%;\" controls=\"controls\"><source type=\"audio\/mpeg\" src=\"http:\/\/todoapulmon-rafaela.com\/wp-content\/uploads\/2016\/11\/16-11-16-VAZQUE.mp3?_=1\" \/><a href=\"http:\/\/todoapulmon-rafaela.com\/wp-content\/uploads\/2016\/11\/16-11-16-VAZQUE.mp3\">http:\/\/todoapulmon-rafaela.com\/wp-content\/uploads\/2016\/11\/16-11-16-VAZQUE.mp3<\/a><\/audio>\n","protected":false},"excerpt":{"rendered":"<p>Este fin de semana, entre el viernes 18 y domingo 20, el Club Ciclista de Rafaela organizar\u00e1 el primer Encuentro<\/p>\n","protected":false},"author":2,"featured_media":3674,"comment_status":"open","ping_status":"open","sticky":false,"template":"","format":"standard","meta":{"footnotes":""},"categories":[4,24],"tags":[],"class_list":["post-3673","post","type-post","status-publish","format-standard","has-post-thumbnail","hentry","category-ciclismo","category-noticias-destacadas"],"cc_featured_image_caption":{"caption_text":"El vel\u00f3dromo se problar\u00e1 de peque\u00f1os ciclistas el fin de semana.","source_text":"","source_url":""},"_links":{"self":[{"href":"https:\/\/todoapulmon-rafaela.com\/index.php\/wp-json\/wp\/v2\/posts\/3673"}],"collection":[{"href":"https:\/\/todoapulmon-rafaela.com\/index.php\/wp-json\/wp\/v2\/posts"}],"about":[{"href":"https:\/\/todoapulmon-rafaela.com\/index.php\/wp-json\/wp\/v2\/types\/post"}],"author":[{"embeddable":true,"href":"https:\/\/todoapulmon-rafaela.com\/index.php\/wp-json\/wp\/v2\/users\/2"}],"replies":[{"embeddable":true,"href":"https:\/\/todoapulmon-rafaela.com\/index.php\/wp-json\/wp\/v2\/comments?post=3673"}],"version-history":[{"count":1,"href":"https:\/\/todoapulmon-rafaela.com\/index.php\/wp-json\/wp\/v2\/posts\/3673\/revisions"}],"predecessor-version":[{"id":3676,"href":"https:\/\/todoapulmon-rafaela.com\/index.php\/wp-json\/wp\/v2\/posts\/3673\/revisions\/3676"}],"wp:featuredmedia":[{"embeddable":true,"href":"https:\/\/todoapulmon-rafaela.com\/index.php\/wp-json\/wp\/v2\/media\/3674"}],"wp:attachment":[{"href":"https:\/\/todoapulmon-rafaela.com\/index.php\/wp-json\/wp\/v2\/media?parent=3673"}],"wp:term":[{"taxonomy":"category","embeddable":true,"href":"https:\/\/todoapulmon-rafaela.com\/index.php\/wp-json\/wp\/v2\/categories?post=3673"},{"taxonomy":"post_tag","embeddable":true,"href":"https:\/\/todoapulmon-rafaela.com\/index.php\/wp-json\/wp\/v2\/tags?post=3673"}],"curies":[{"name":"wp","href":"https:\/\/api.w.org\/{rel}","templated":true}]}}