{"id":36719,"date":"2022-12-26T13:29:37","date_gmt":"2022-12-26T13:29:37","guid":{"rendered":"https:\/\/todoapulmon-rafaela.com\/?p=36719"},"modified":"2022-12-26T13:31:01","modified_gmt":"2022-12-26T13:31:01","slug":"alejandro-chiavon-el-head-coach-de-crar-en-2023","status":"publish","type":"post","link":"https:\/\/todoapulmon-rafaela.com\/index.php\/2022\/12\/26\/alejandro-chiavon-el-head-coach-de-crar-en-2023\/","title":{"rendered":"Alejandro Chiav\u00f3n, el Head Coach de CRAR en 2023"},"content":{"rendered":"<p>La dirigencia del C\u00edrculo Rafaelino de Rugby ya tiene elegido al nuevo Head Coach para afrontar el Torneo de segunda divisi\u00f3n del Regional del Litoral 2023. Se trata de Alejandro Chiav\u00f3n, que volver\u00e1 a hacerse cargo del plantel superior luego de catorce a\u00f1os, ya que hab\u00eda sido el entrenador en 2009 luego del primer ascenso a la elite del TRL.<\/p>\n<p>\u00abAle\u00bb, que ven\u00eda trabajando en la estructura del rugby juvenil, tomar\u00e1 la posta tras la partida de Quique L\u00f3pez Durando a Alma Juniors de Esperanza. Si bien restan algunos casilleros por completar en algunas de las funciones, en un alto porcentaje el staff t\u00e9cnico ya est\u00e1 conformado y ser\u00e1 el siguiente:<\/p>\n<p>Equipo de entrenadores<\/p>\n<p>Alejandro Chiav\u00f3n<br \/>\nCristian Cinalli<br \/>\nGustavo Beninca<br \/>\nDaniel Fuglini<br \/>\nNicol\u00e1s Gutierrez<br \/>\nOrlando Long<br \/>\nPF<br \/>\nEduardo Gentile<\/p>\n<p>Managers<br \/>\nLuis Bertoni<br \/>\nElias Insaurralde<\/p>\n<p>Analista de video<br \/>\nFabi\u00e1n Montesano<\/p>\n<p>En cuanto a kinesi\u00f3logos, nutricionistas y psic\u00f3logos seguir\u00e1n los mismos de 2022. El comienzo de la pretemporada est\u00e1 previsto para el 21 de enero, recordando que el 4 de marzo dar\u00e1 comienzo el torneo en el cual el C\u00edrculo Rafaelino debutar\u00e1 visitando a Tilcara de Paran\u00e1.<\/p>\n<p>&nbsp;<\/p>\n","protected":false},"excerpt":{"rendered":"<p>La dirigencia del C\u00edrculo Rafaelino de Rugby ya tiene elegido al nuevo Head Coach para afrontar el Torneo de segunda<\/p>\n","protected":false},"author":2,"featured_media":36720,"comment_status":"closed","ping_status":"closed","sticky":false,"template":"","format":"standard","meta":{"footnotes":""},"categories":[24,2],"tags":[],"class_list":["post-36719","post","type-post","status-publish","format-standard","has-post-thumbnail","hentry","category-noticias-destacadas","category-rugby"],"cc_featured_image_caption":{"caption_text":"FOTO \"SALE CON CHIMI\"","source_text":"","source_url":""},"_links":{"self":[{"href":"https:\/\/todoapulmon-rafaela.com\/index.php\/wp-json\/wp\/v2\/posts\/36719"}],"collection":[{"href":"https:\/\/todoapulmon-rafaela.com\/index.php\/wp-json\/wp\/v2\/posts"}],"about":[{"href":"https:\/\/todoapulmon-rafaela.com\/index.php\/wp-json\/wp\/v2\/types\/post"}],"author":[{"embeddable":true,"href":"https:\/\/todoapulmon-rafaela.com\/index.php\/wp-json\/wp\/v2\/users\/2"}],"replies":[{"embeddable":true,"href":"https:\/\/todoapulmon-rafaela.com\/index.php\/wp-json\/wp\/v2\/comments?post=36719"}],"version-history":[{"count":3,"href":"https:\/\/todoapulmon-rafaela.com\/index.php\/wp-json\/wp\/v2\/posts\/36719\/revisions"}],"predecessor-version":[{"id":36723,"href":"https:\/\/todoapulmon-rafaela.com\/index.php\/wp-json\/wp\/v2\/posts\/36719\/revisions\/36723"}],"wp:featuredmedia":[{"embeddable":true,"href":"https:\/\/todoapulmon-rafaela.com\/index.php\/wp-json\/wp\/v2\/media\/36720"}],"wp:attachment":[{"href":"https:\/\/todoapulmon-rafaela.com\/index.php\/wp-json\/wp\/v2\/media?parent=36719"}],"wp:term":[{"taxonomy":"category","embeddable":true,"href":"https:\/\/todoapulmon-rafaela.com\/index.php\/wp-json\/wp\/v2\/categories?post=36719"},{"taxonomy":"post_tag","embeddable":true,"href":"https:\/\/todoapulmon-rafaela.com\/index.php\/wp-json\/wp\/v2\/tags?post=36719"}],"curies":[{"name":"wp","href":"https:\/\/api.w.org\/{rel}","templated":true}]}}