{"id":36706,"date":"2022-12-23T17:55:55","date_gmt":"2022-12-23T17:55:55","guid":{"rendered":"https:\/\/todoapulmon-rafaela.com\/?p=36706"},"modified":"2022-12-23T17:55:55","modified_gmt":"2022-12-23T17:55:55","slug":"castellani-nuevo-entrenador-de-las-panteras","status":"publish","type":"post","link":"https:\/\/todoapulmon-rafaela.com\/index.php\/2022\/12\/23\/castellani-nuevo-entrenador-de-las-panteras\/","title":{"rendered":"Castellani nuevo entrenador de Las Panteras"},"content":{"rendered":"<p><span data-contrast=\"none\">La secretaria de Deportes de la Naci\u00f3n y presidenta del ENARD, In\u00e9s Arrondo, anunci\u00f3 junto a Juan Sardo, presidente de la Federaci\u00f3n del Voleibol Argentino (FeVA), la incorporaci\u00f3n de Daniel Castellani como nuevo director t\u00e9cnico del seleccionado femenino.<\/span><span data-ccp-props=\"{&quot;201341983&quot;:0,&quot;335559739&quot;:160,&quot;335559740&quot;:259}\">\u00a0<\/span><\/p>\n<p><span data-contrast=\"none\">Con el apoyo de la Secretar\u00eda de Deportes de La Naci\u00f3n y el ENARD, la Federaci\u00f3n de Voleibol Argentino acord\u00f3 la llegada de Daniel Castellani como nuevo t\u00e9cnico del seleccionado femenino y se realiz\u00f3 la presentaci\u00f3n en el CeNARD en donde estuvieron presentes tambi\u00e9n el presidente del Comit\u00e9 Ol\u00edmpico Argentino, Mario Moccia, y la ol\u00edmpica Emilce \u201cMimi\u201d Sosa en representaci\u00f3n de Las Panteras.<\/span><span data-ccp-props=\"{&quot;201341983&quot;:0,&quot;335551550&quot;:0,&quot;335551620&quot;:0,&quot;335559739&quot;:160,&quot;335559740&quot;:259}\">\u00a0<\/span><\/p>\n<p><span data-contrast=\"none\">En comunicaci\u00f3n v\u00eda Zoom, Castellani que actualmente se encuentra en Turqu\u00eda entrenando al Fenerbah\u00e7e IDH Sigorta de la Liga Masculina expres\u00f3: \u201cEstoy feliz y honrado. Ser entrenador de Las Panteras es una oportunidad \u00fanica y un enorme desaf\u00edo. Tenemos mucho trabajo por delante. Gracias a FeVA, a la Secretar\u00eda de Deportes y al ENARD por confiar en m\u00ed\u201d.<\/span><span data-ccp-props=\"{&quot;201341983&quot;:0,&quot;335551550&quot;:0,&quot;335551620&quot;:0,&quot;335559739&quot;:160,&quot;335559740&quot;:259}\">\u00a0<\/span><\/p>\n<p><span data-contrast=\"none\">Por su parte, Arrondo, a cargo de la Secretar\u00eda de Deportes de La Naci\u00f3n y el ENARD, destac\u00f3 la importancia que un nombre de la talla de Daniel Castellani se sume a Las Panteras: \u201cCuando la Federaci\u00f3n de Voleibol se comunic\u00f3 para plantear esta posibilidad y el inter\u00e9s de Daniel de volver a trabajar en el pa\u00eds nos pareci\u00f3 muy importante su repatriaci\u00f3n, para continuar impulsando al voleibol femenino, ya que es un deporte muy comunitario que est\u00e1 en miles de clubes de nuestro pa\u00eds\u201d.<\/span><span data-ccp-props=\"{&quot;201341983&quot;:0,&quot;335551550&quot;:0,&quot;335551620&quot;:0,&quot;335559739&quot;:160,&quot;335559740&quot;:259}\">\u00a0<\/span><\/p>\n<p><span data-contrast=\"none\">Juan Sardo, presidente de la FeVA, complet\u00f3: \u201cAgradezco a la Secretar\u00eda de Deportes, al ENARD y a Daniel por el apoyo y por brindarse para el crecimiento de Las Panteras. Esta contrataci\u00f3n es la mejor respuesta que podemos dar al crecimiento, empuje y fuerza del voleibol femenino. Castellani viene a realizar un trabajo integral, a aportar su conocimiento y experiencia, pero tambi\u00e9n a colaborar en el armado de una base sustentable de mejora continua de toda la disciplina. Estamos felices\u201d.<\/span><span data-ccp-props=\"{&quot;201341983&quot;:0,&quot;335551550&quot;:0,&quot;335551620&quot;:0,&quot;335559739&quot;:160,&quot;335559740&quot;:259}\">\u00a0<\/span><\/p>\n<p><span data-contrast=\"none\">El contrato acordado incluye la modalidad full time (12 meses del a\u00f1o) ya que el objetivo del acuerdo es que el entrenador, adem\u00e1s de dirigir a la Selecci\u00f3n Mayor Femenina (Las Panteras) coordine el trabajo en selecciones de base e interact\u00fae con el voleibol federativo, profundizando el crecimiento evidenciado durante los \u00faltimos a\u00f1os. El primer gran desaf\u00edo deportivo para Las Panteras ser\u00e1n los Juegos Panamericanos 2023 que se desarrollar\u00e1n en Santiago de Chile.<\/span><span data-ccp-props=\"{&quot;201341983&quot;:0,&quot;335551550&quot;:0,&quot;335551620&quot;:0,&quot;335559739&quot;:160,&quot;335559740&quot;:259}\">\u00a0<\/span><\/p>\n<p><span data-contrast=\"none\">En el encuentro se destac\u00f3 tambi\u00e9n la tarea de Hern\u00e1n Ferraro, el director t\u00e9cnico que condujo a Las Panteras que se clasificaron por primera vez en la historia a la segunda ronda de un Mundial en este 2022. Las trayectorias de Castellani y Ferraro representan el nivel de las y los directores t\u00e9cnicos de nuestro pa\u00eds que trabajan por el desarrollo del deporte nacional.<\/span><span data-ccp-props=\"{&quot;201341983&quot;:0,&quot;335551550&quot;:0,&quot;335551620&quot;:0,&quot;335559739&quot;:160,&quot;335559740&quot;:259}\">\u00a0<\/span><\/p>\n<p><span data-contrast=\"none\">Castellani, ganador de la medalla de bronce en el Mundial de Argentina 1982 y en los Juegos Ol\u00edmpicos de Se\u00fal 1988 como jugador, cuenta con un amplio recorrido como entrenador que incluye los seleccionados masculinos de Argentina (1993\/1999), Polonia (2009\/2010) y Finlandia (2012).<\/span><span data-ccp-props=\"{&quot;201341983&quot;:0,&quot;335551550&quot;:0,&quot;335551620&quot;:0,&quot;335559739&quot;:160,&quot;335559740&quot;:259}\">\u00a0<\/span><\/p>\n<p><span data-contrast=\"none\">A nivel clubes, fue multicampe\u00f3n con Bol\u00edvar Voley en la Argentina y sum\u00f3 experiencias en Turqu\u00eda, Brasil, Polonia, B\u00e9lgica e Italia. En la actualidad dirige el Fenerbah\u00e7e IDH Sigorta de Turqu\u00eda por segunda temporada consecutiva.<\/span><span data-ccp-props=\"{&quot;201341983&quot;:0,&quot;335551550&quot;:0,&quot;335551620&quot;:0,&quot;335559739&quot;:160,&quot;335559740&quot;:259}\">\u00a0<\/span><\/p>\n<p>Fuente FEVA.<\/p>\n","protected":false},"excerpt":{"rendered":"<p>La secretaria de Deportes de la Naci\u00f3n y presidenta del ENARD, In\u00e9s Arrondo, anunci\u00f3 junto a Juan Sardo, presidente de<\/p>\n","protected":false},"author":2,"featured_media":36707,"comment_status":"closed","ping_status":"closed","sticky":false,"template":"","format":"standard","meta":{"footnotes":""},"categories":[24,16],"tags":[],"class_list":["post-36706","post","type-post","status-publish","format-standard","has-post-thumbnail","hentry","category-noticias-destacadas","category-voley"],"cc_featured_image_caption":{"caption_text":"FOTO FEVA","source_text":"","source_url":""},"_links":{"self":[{"href":"https:\/\/todoapulmon-rafaela.com\/index.php\/wp-json\/wp\/v2\/posts\/36706"}],"collection":[{"href":"https:\/\/todoapulmon-rafaela.com\/index.php\/wp-json\/wp\/v2\/posts"}],"about":[{"href":"https:\/\/todoapulmon-rafaela.com\/index.php\/wp-json\/wp\/v2\/types\/post"}],"author":[{"embeddable":true,"href":"https:\/\/todoapulmon-rafaela.com\/index.php\/wp-json\/wp\/v2\/users\/2"}],"replies":[{"embeddable":true,"href":"https:\/\/todoapulmon-rafaela.com\/index.php\/wp-json\/wp\/v2\/comments?post=36706"}],"version-history":[{"count":1,"href":"https:\/\/todoapulmon-rafaela.com\/index.php\/wp-json\/wp\/v2\/posts\/36706\/revisions"}],"predecessor-version":[{"id":36708,"href":"https:\/\/todoapulmon-rafaela.com\/index.php\/wp-json\/wp\/v2\/posts\/36706\/revisions\/36708"}],"wp:featuredmedia":[{"embeddable":true,"href":"https:\/\/todoapulmon-rafaela.com\/index.php\/wp-json\/wp\/v2\/media\/36707"}],"wp:attachment":[{"href":"https:\/\/todoapulmon-rafaela.com\/index.php\/wp-json\/wp\/v2\/media?parent=36706"}],"wp:term":[{"taxonomy":"category","embeddable":true,"href":"https:\/\/todoapulmon-rafaela.com\/index.php\/wp-json\/wp\/v2\/categories?post=36706"},{"taxonomy":"post_tag","embeddable":true,"href":"https:\/\/todoapulmon-rafaela.com\/index.php\/wp-json\/wp\/v2\/tags?post=36706"}],"curies":[{"name":"wp","href":"https:\/\/api.w.org\/{rel}","templated":true}]}}