{"id":36666,"date":"2022-12-21T10:54:32","date_gmt":"2022-12-21T10:54:32","guid":{"rendered":"https:\/\/todoapulmon-rafaela.com\/?p=36666"},"modified":"2022-12-21T10:54:32","modified_gmt":"2022-12-21T10:54:32","slug":"el-historial-de-ganadores-de-la-fiesta-del-deporte","status":"publish","type":"post","link":"https:\/\/todoapulmon-rafaela.com\/index.php\/2022\/12\/21\/el-historial-de-ganadores-de-la-fiesta-del-deporte\/","title":{"rendered":"El historial de ganadores de la Fiesta del Deporte"},"content":{"rendered":"<p>Este mi\u00e9rcoles, desde las 20.30, en el Anfiteatro Alfredo Williner se estar\u00e1 desarrollando la 25\u00aa edici\u00f3n de la Fiesta del Deporte de nuestra ciudad. La Municipalidad de Rafaela dispuso en esta oportunidad, un reconocimiento especial para los ganadores anteriores del Deportista del A\u00f1o.<\/p>\n<p>A continuaci\u00f3n hacemos una rese\u00f1a en el historial de la gran celebraci\u00f3n del deporte rafaelino:<\/p>\n<p>SEBASTIAN PORTO<br \/>\nDeportista del A\u00f1o de Rafaela 1997, 2002 y 2004 por sus logros en motociclismo.<br \/>\nSu primera competici\u00f3n internacional en 125 cc fue en el Continental Circus de 1994, y s\u00f3lo dos a\u00f1os despu\u00e9s gan\u00f3 el Campeonato Europeo de 250cc.<br \/>\nEn 1999 finaliz\u00f3 en la 9.\u00ba posici\u00f3n del Campeonato mundial de motociclismo a bordo de una Yamaha TZ250, y en la 5ta posici\u00f3n del Campeonato 2002, luego de haber ganado el Gran Premio de Brasil.<br \/>\nEl 2004 fue su gran a\u00f1o; Finaliz\u00f3 2.\u00ba en el Campeonato Mundial 250cc, ganando 5 Grandes Premios y logrando varios lugares en el podio. En el Campeonato Mundial de 2005, compiti\u00f3 a bordo de una moto Aprilia, y en el 2006 en el equipo Repsol-YPF\/Honda.<br \/>\nPor ser el mayor exponente del motociclismo en Argentina, fue galardonado con 12 Premios Olimpia, entre 1994 y 2005.<\/p>\n<p>MARIA EMILIA SALERNI<br \/>\nDeportista del A\u00f1o de Rafaela en 1998, 1999 y 2000.<br \/>\n\u00abPitu\u00bb represent\u00f3 como menor a la Argentina en diversas competencias por equipo convocada por la Asociaci\u00f3n Argentina de Tenis. Asimismo, adem\u00e1s de su carrera profesional individual, como mayor tambi\u00e9n represent\u00f3 al pa\u00eds en la Fed Cup y en los Juegos Ol\u00edmpicos de Sydney 2000.<br \/>\nEn el a\u00f1o 2000 tuvo una brillante performance donde lleg\u00f3 a ser N.\u00ba 1 junior mundial. Fue tras ganar los Grand Slams de Wimbledon y US Open.<br \/>\nSu mejor ranking en profesionales fue en febrero del 2008, en la posici\u00f3n 65.<\/p>\n<p>SERGIO COMBA<br \/>\nConsagrado Deportista del A\u00f1o de Rafaela 2001, cuando tuvo una brillante temporada en Defensores de Belgrano siendo goleador en la Primera B Nacional.<br \/>\nEn su carrera jug\u00f3 148 partidos y convirti\u00f3 51 goles en 3 categor\u00edas de Argentina (Primera Divisi\u00f3n, Segunda Divisi\u00f3n, Tercera Divisi\u00f3n), mientras que en el extranjero disput\u00f3 243 partidos y convirti\u00f3 83 goles, lo que hace un total de 392 partidos jugador con 134 goles.<br \/>\nSurgido de Pe\u00f1arol, jug\u00f3 en Atl\u00e9tico de Rafaela, Ferro Carril Oeste, Hurac\u00e1n, Defensores, Sarmiento de Jun\u00edn, entre otros equipos del pais. Y en el exterior en Nantes de Francia, Pistoiese de Italia, Cruz Azul Hidalgo y varios clubes chilenos, siendo el m\u00e1ximo goleador del Rangers de Talca al momento de su retiro.<\/p>\n<p>EZEQUIEL MEDRAN<br \/>\nElegido Deportista del A\u00f1o de Rafaela en 2003 y 2005, cuando brillaba bajo los tres palos, la primera en el ascenso inicial de Atl\u00e9tico a primera divisi\u00f3n, y la segunda ya militando en Boca Juniors.<br \/>\nComo jugador Ezequiel ha sido campe\u00f3n con Atl\u00e9tico de Rafaela en la Primera Nacional en 2003, y en primera divisi\u00f3n gan\u00f3 t\u00edtulos nacionales e internacionales con Boca entre 2004 y 2006. Tambi\u00e9n logr\u00f3 un t\u00edtulo nacional con Cerro Porte\u00f1o de Paraguay en 2009. Tambi\u00e9n jug\u00f3 en M\u00e9xico y Chile.<br \/>\nActualmente es entrenador del primer equipo de Atl\u00e9tico de Rafaela.<\/p>\n<p>MAURO AGOSTINI<br \/>\nCiclista consagrado Deportista del A\u00f1o de Rafaela en 2006, 2007 y 2014.<br \/>\nLas dos primeras fue a\u00fan siendo juvenil. En esa categor\u00eda fue doble campe\u00f3n panamerican, en Barquisimeto -Venezuela-, en las pruebas de persecuci\u00f3n individual, y en la Madison, junto al mendocino Sergio Godoy.<br \/>\nEn 2014 fue segundo en la persecuci\u00f3n individual de la Copa del Mundo realizada en Guadalajara, M\u00e9xico, categor\u00eda en la que nunca un argentino hab\u00eda conseguido medallas. Ese mismo a\u00f1o, en el Panamericano de Aguascalientes, integr\u00f3 la cuarteta subcampeona que clasific\u00f3 a los Panamericanos de Toronto 2015, donde tambi\u00e9n obtuvo medalla plateada en la cuarteta.<\/p>\n<p>MELISA GRETTER<br \/>\nBasquetbolista consagrada en 2008 y 2009 cuando jugaba en Ben Hur. En aquella oportunidad, a su destacada participaci\u00f3n en los equipos de la instituci\u00f3n (cadetas y primera divisi\u00f3n), le sum\u00f3 una actuaci\u00f3n sobresaliente en el plano internacional, siendo la capitana del seleccionado nacional de su categor\u00eda (15 a\u00f1os) en el Sudamericano que se disput\u00f3 en Asunci\u00f3n del Paraguay, habiendo sido elegida como la mejor jugadora del certamen.\u2026<\/p>\n<p>LUIS VEGETTI<\/p>\n<p>Fue elegido Deportista del A\u00f1o de Rafaela en 2010.<\/p>\n<p>El ciclista tuvo ese a\u00f1o una gran performance en el Mundial Master que se desarroll\u00f3 en Portugal y obtuvo dos medallas (una de oro y otra de bronce) en el Panamericano Master que se celebr\u00f3 en Cuba.<\/p>\n<p>Luis hab\u00eda retomado la competencia en esta disciplina luego de muchos a\u00f1os, alcanzando un gran rendimiento gracias al entrenamiento de Norberto y Daniel Capella en el Club Ciclista de Rafaela.<\/p>\n<p>FLORENCIA MOLINERO<\/p>\n<p>Fue consagrada Deportista del A\u00f1o de Rafaela en 2011.<\/p>\n<p>Ese a\u00f1o culmin\u00f3 en el puesto 179 del ranking WTA, pero su logro m\u00e1s emotivo de la temporada fue la obtenci\u00f3n de la medalla dorada en dobles en los Juegos Panamericanos de Guadalajara (M\u00e9xico), junto a Mar\u00eda Irigoyen, donde disfrut\u2026<\/p>\n<p>GERMAN ROMITELLI<\/p>\n<p>El tirador de la modalidad Tiro Pr\u00e1ctico fue elegido Deportista del A\u00f1o en 2013.<\/p>\n<p>Como representante del Tiro Federal de Rafaela, ese a\u00f1o fue subcampe\u00f3n latinoamericano y campe\u00f3n por equipos en Guayaquil, Ecuador, adem\u00e1s de obtener gran cantidad de torneos regionales y nacionales que justificaron la m\u00e1xima distinci\u00f3n en esa oportunidad.<\/p>\n<p>Protagonista en continuado desde entonces de los equipos oficiales argentinos en las distintas categor\u00edas en que compiti\u00f3 a nivel internacional, se ha convertido en la referencia del tiro pr\u00e1ctico argentino.<\/p>\n<p>JOSE PALMUCCI<\/p>\n<p>Fue Deportista del A\u00f1o de Rafaela en 2015. Con 18 a\u00f1os en ese entonces, obtuvo dos t\u00edtulos en el International Shorinryu Kyudokan Higa Te Karate Do Tournament\u201d, competencia realizada en Lignano Sabbiadoro, cerca de Venecia. En ese torneo considerado el Mundial de la Escuela Kyudokan brill\u00f3 entre los j\u00f3venes de la categor\u00eda de 18 a 23 a\u00f1os, en su mayor\u00eda de pa\u00edses de europa.<\/p>\n<p>ROBERTO ACU\u00d1A<\/p>\n<p>Fue elegido Deportista del A\u00f1o de Rafaela en 2016. Ese a\u00f1o el Toro tuvo un ascenso mete\u00f3rico en su carrera, vistiendo la camiseta de Pe\u00f1arol de Mar del Plata en la Liga Nacional y logrando un lugar en la selecci\u00f3n nacional junto a la Generaci\u00f3n Dorada que disput\u00f3 los Juegos Ol\u00edmpicos de R\u00edo de Janeiro, y enfrentando a los mejores jugadores del mundo por ese entonces.<\/p>\n<p>Actualmente, Roberto integra el equipo de Ciclista Ol\u00edmpico de La Banda, de muy buena campa\u00f1a en la Liga Nacional.<\/p>\n<p>OMAR SERRANO<\/p>\n<p>Consagrado Deportista del A\u00f1o de Rafaela en 2017, donde como en incontables ocasiones demostr\u00f3 ser uno de los mejores jugadores de bochas del pa\u00eds.<\/p>\n<p>En ese a\u00f1o fue campe\u00f3n Provincial, Argentino y Panamericano, con r\u00e9cord incluido. Adem\u00e1s estuvo en casi 40 podios (entre triunfos, segundos y terceros puestos) en los torneos jugados en el \u00e1mbito regional, fundamentalmente en Santa Fe y C\u00f3rdoba.<\/p>\n<p>MAYCO VIVAS<\/p>\n<p>Consagrado Deportista del A\u00f1o de Rafaela en 2018 y 2019.<\/p>\n<p>El rugbier surgido del CRAR fue el primer Puma de 15 que ha tenido nuestra ciudad. El pilar tuvo en ese 2018 el debut con el m\u00e1ximo seleccionado argentino frente a los Barbarians, jugando los \u00faltimos 20 minutos.<\/p>\n<p>En 2019 potenci\u00f3 su crecimiento deportivo, siendo parte fundamental de Jaguares en el subcampeonato del S\u00faper Rugby y jugando con Los Pumas el Rugby Championship y el Mundial de Jap\u00f3n.<\/p>\n<p>Actualmente se encuentra en Inglaterra, prepar\u00e1ndose para su debut en Gloucester de la Premiership, cuando tenga el alta de la lesi\u00f3n sufrida hace algunos meses.<\/p>\n<p>CANDELA GENTINETTA<\/p>\n<p>Consagrada Deportista del A\u00f1o de Rafaela en 2021, luego de la pausa por la pandemia en 2020.<\/p>\n<p>La basquetbolista logr\u00f3 el a\u00f1o pasado la medalla de bronce en los Juegos Panamericanos de Cali (Colombia) en la modalidad 3\u00d73 y fue campeona de la Liga Nacional de B\u00e1squetbol con el Club Berazategui.<\/p>\n<p>Ya este a\u00f1o sigui\u00f3 su carrera en el exterior, obteniendo tres t\u00edtulos en Portugal con Benfica y el subcampeonato en Uruguay con Aguada, mientras que con la selecci\u00f3n argentina disput\u00f3 el Sudamericano de Mayores en San Luis.<\/p>\n<p>&nbsp;<\/p>\n","protected":false},"excerpt":{"rendered":"<p>Este mi\u00e9rcoles, desde las 20.30, en el Anfiteatro Alfredo Williner se estar\u00e1 desarrollando la 25\u00aa edici\u00f3n de la Fiesta del<\/p>\n","protected":false},"author":2,"featured_media":36667,"comment_status":"closed","ping_status":"closed","sticky":false,"template":"","format":"standard","meta":{"footnotes":""},"categories":[24],"tags":[],"class_list":["post-36666","post","type-post","status-publish","format-standard","has-post-thumbnail","hentry","category-noticias-destacadas"],"cc_featured_image_caption":{"caption_text":"Recuerdo de la Fiesta de 2015, cuando fue elegido Deportista del A\u00f1o el karateca Jos\u00e9 Palmucci.","source_text":"","source_url":""},"_links":{"self":[{"href":"https:\/\/todoapulmon-rafaela.com\/index.php\/wp-json\/wp\/v2\/posts\/36666"}],"collection":[{"href":"https:\/\/todoapulmon-rafaela.com\/index.php\/wp-json\/wp\/v2\/posts"}],"about":[{"href":"https:\/\/todoapulmon-rafaela.com\/index.php\/wp-json\/wp\/v2\/types\/post"}],"author":[{"embeddable":true,"href":"https:\/\/todoapulmon-rafaela.com\/index.php\/wp-json\/wp\/v2\/users\/2"}],"replies":[{"embeddable":true,"href":"https:\/\/todoapulmon-rafaela.com\/index.php\/wp-json\/wp\/v2\/comments?post=36666"}],"version-history":[{"count":1,"href":"https:\/\/todoapulmon-rafaela.com\/index.php\/wp-json\/wp\/v2\/posts\/36666\/revisions"}],"predecessor-version":[{"id":36668,"href":"https:\/\/todoapulmon-rafaela.com\/index.php\/wp-json\/wp\/v2\/posts\/36666\/revisions\/36668"}],"wp:featuredmedia":[{"embeddable":true,"href":"https:\/\/todoapulmon-rafaela.com\/index.php\/wp-json\/wp\/v2\/media\/36667"}],"wp:attachment":[{"href":"https:\/\/todoapulmon-rafaela.com\/index.php\/wp-json\/wp\/v2\/media?parent=36666"}],"wp:term":[{"taxonomy":"category","embeddable":true,"href":"https:\/\/todoapulmon-rafaela.com\/index.php\/wp-json\/wp\/v2\/categories?post=36666"},{"taxonomy":"post_tag","embeddable":true,"href":"https:\/\/todoapulmon-rafaela.com\/index.php\/wp-json\/wp\/v2\/tags?post=36666"}],"curies":[{"name":"wp","href":"https:\/\/api.w.org\/{rel}","templated":true}]}}