{"id":3665,"date":"2016-11-16T13:22:20","date_gmt":"2016-11-16T13:22:20","guid":{"rendered":"http:\/\/todoapulmon-rafaela.com\/?p=3665"},"modified":"2016-11-16T13:22:45","modified_gmt":"2016-11-16T13:22:45","slug":"comenzo-el-torneo-santafesino-de-triatlon","status":"publish","type":"post","link":"https:\/\/todoapulmon-rafaela.com\/index.php\/2016\/11\/16\/comenzo-el-torneo-santafesino-de-triatlon\/","title":{"rendered":"Comenz\u00f3 el torneo Santafesino de Triatl\u00f3n"},"content":{"rendered":"<p>Con la disputa del triatl\u00f3n de la Laguna La Verde, en Huanqueros, dio comienzo el pasado domingo el torneo santafesino organizado por la Asociaci\u00f3n Santafesina de Triatl\u00f3n.<\/p>\n<p>Las clasificaciones generales tuvieron como ganadores, en Standard, a Ibrahim Alucin (Formosa) en varones y Andrea Dalmasso (Santa Fe) en damas, mientras que en sprint lo hicieron Pablo Viladoms (Santa Fe) y Jenifer Francone (San Francisco), respectivamente.<\/p>\n<p>En Standard (sin drafting, modalidad ruta) tomaron parte los rafaelinos Pablo Bainotti y Sergio Peretti. En la general se ubicaron 12\u00ba y 13\u00ba respectivamente, aunque cruzaron juntos la meta, en un tiempo de 2h29m40s. Bainotti, debutante en la disciplina, qued\u00f3 cuarto en la categor\u00eda de 25 a 29 a\u00f1os, mientras que Peretti fue segundo en la de 55 a 59 a\u00f1os.<\/p>\n<p>Este fue el \u00faltimo Tria realizado por los representantes del Tria Training Group, que est\u00e1 a cargo del profesor Joaqu\u00edn Avila, de cara al Medio Ironman de Punta del Este, previsto para el 26 de noviembre.<\/p>\n","protected":false},"excerpt":{"rendered":"<p>Con la disputa del triatl\u00f3n de la Laguna La Verde, en Huanqueros, dio comienzo el pasado domingo el torneo santafesino<\/p>\n","protected":false},"author":2,"featured_media":3666,"comment_status":"open","ping_status":"open","sticky":false,"template":"","format":"standard","meta":{"footnotes":""},"categories":[1],"tags":[],"class_list":["post-3665","post","type-post","status-publish","format-standard","has-post-thumbnail","hentry","category-sin-categoria"],"cc_featured_image_caption":{"caption_text":"Sergio Peretti y Pablo Bainotti compitieron en La Verde.","source_text":"","source_url":""},"_links":{"self":[{"href":"https:\/\/todoapulmon-rafaela.com\/index.php\/wp-json\/wp\/v2\/posts\/3665"}],"collection":[{"href":"https:\/\/todoapulmon-rafaela.com\/index.php\/wp-json\/wp\/v2\/posts"}],"about":[{"href":"https:\/\/todoapulmon-rafaela.com\/index.php\/wp-json\/wp\/v2\/types\/post"}],"author":[{"embeddable":true,"href":"https:\/\/todoapulmon-rafaela.com\/index.php\/wp-json\/wp\/v2\/users\/2"}],"replies":[{"embeddable":true,"href":"https:\/\/todoapulmon-rafaela.com\/index.php\/wp-json\/wp\/v2\/comments?post=3665"}],"version-history":[{"count":1,"href":"https:\/\/todoapulmon-rafaela.com\/index.php\/wp-json\/wp\/v2\/posts\/3665\/revisions"}],"predecessor-version":[{"id":3667,"href":"https:\/\/todoapulmon-rafaela.com\/index.php\/wp-json\/wp\/v2\/posts\/3665\/revisions\/3667"}],"wp:featuredmedia":[{"embeddable":true,"href":"https:\/\/todoapulmon-rafaela.com\/index.php\/wp-json\/wp\/v2\/media\/3666"}],"wp:attachment":[{"href":"https:\/\/todoapulmon-rafaela.com\/index.php\/wp-json\/wp\/v2\/media?parent=3665"}],"wp:term":[{"taxonomy":"category","embeddable":true,"href":"https:\/\/todoapulmon-rafaela.com\/index.php\/wp-json\/wp\/v2\/categories?post=3665"},{"taxonomy":"post_tag","embeddable":true,"href":"https:\/\/todoapulmon-rafaela.com\/index.php\/wp-json\/wp\/v2\/tags?post=3665"}],"curies":[{"name":"wp","href":"https:\/\/api.w.org\/{rel}","templated":true}]}}