{"id":36633,"date":"2022-12-17T19:54:27","date_gmt":"2022-12-17T19:54:27","guid":{"rendered":"https:\/\/todoapulmon-rafaela.com\/?p=36633"},"modified":"2022-12-17T19:54:27","modified_gmt":"2022-12-17T19:54:27","slug":"verano-comienza-la-colonia","status":"publish","type":"post","link":"https:\/\/todoapulmon-rafaela.com\/index.php\/2022\/12\/17\/verano-comienza-la-colonia\/","title":{"rendered":"Verano: Comienza la colonia"},"content":{"rendered":"<div>La Municipalidad de Rafaela lleva adelante el programa \u00abTodos al agua\u00bb, dirigido a ni\u00f1os y ni\u00f1as de 6 a 12 a\u00f1os que viven en nuestra ciudad. Los interesados en participar deben inscribirse en la sede vecinal de su sector con la planilla remitida por la Subsecretar\u00eda de Deportes y Recreaci\u00f3n.<\/div>\n<div><\/div>\n<div>Este programa gratuito se desarrolla durante los meses de diciembre, enero y febrero de lunes a viernes en el horario de 9:00 a 12:00. Este a\u00f1o se utilizar\u00e1 la pileta municipal de la Granja El Ceibo, la del Centro de D\u00eda Oeste y la del CEF N\u00b053.<\/div>\n<div><\/div>\n<div>\u00abEs un programa muy importante de inclusi\u00f3n social porque, para muchos, es la \u00fanica posibilidad que tienen en el a\u00f1o de disfrutar de una pileta\u00bb, manifest\u00f3 el subsecretario de Deportes y Recreaci\u00f3n, Ignacio Podio.<\/div>\n<div><\/div>\n<div>\u00abResulta fruct\u00edfero poner a disposici\u00f3n de la ciudad la escuelita de verano \u201cTodos al agua\u201d. Los chicos y chicas podr\u00e1n desarrollar actividades recreativas y deportivas y tambi\u00e9n, se les ense\u00f1ar\u00e1 a nadar con clases de nataci\u00f3n\u00bb, remarc\u00f3.<\/div>\n<div><\/div>\n<div>Per\u00edodos<\/div>\n<div><\/div>\n<div>Este a\u00f1o, se continuar\u00e1 trabajando con la modalidad de per\u00edodos destinados a cada barrio para asistir. Cada uno de ellos ser\u00e1 informado previamente para la realizaci\u00f3n de las inscripciones.<\/div>\n<div><\/div>\n<div>En este marco, del 26 de diciembre del 2022 al 13 de enero del 2023, en la pileta municipal de la Granja El Ceibo, ser\u00e1 el turno de los barrios Italia, Villa Dominga y Luj\u00e1n. En la misma fecha, pero en la pileta del Centro de D\u00eda Oeste, lo har\u00e1n los barrios Jard\u00edn, Amancay, Mart\u00edn Fierro.<\/div>\n<div><\/div>\n<div>En tanto, del 2 al 31 de enero, en la pileta del CEF N\u00b053, podr\u00e1n disfrutar de este programa los barrios 2 de Abril, Villa Podio, F\u00e1tima, Belgrano, Villa Rosas y Villa del Parque.<\/div>\n<div><\/div>\n<div>Por la tarde<\/div>\n<div><\/div>\n<div>En el predio de la pileta municipal Granja \u00abEl Ceibo\u00bb (Chaco y Joaqu\u00edn V. Gonz\u00e1lez), de 14:00 a 17:00 se desarrollar\u00e1 la escuelita de nataci\u00f3n para todas las personas interesadas de 12 a\u00f1os en adelante.<\/div>\n<div><\/div>\n<div>En tanto, en el Centro de D\u00eda Oeste, por la tarde se desarrollar\u00e1n actividades deportivas, recreativas y acu\u00e1ticas destinadas a ni\u00f1os y ni\u00f1as de 6 a 12 a\u00f1os.<\/div>\n","protected":false},"excerpt":{"rendered":"<p>La Municipalidad de Rafaela lleva adelante el programa \u00abTodos al agua\u00bb, dirigido a ni\u00f1os y ni\u00f1as de 6 a 12<\/p>\n","protected":false},"author":2,"featured_media":36634,"comment_status":"closed","ping_status":"closed","sticky":false,"template":"","format":"standard","meta":{"footnotes":""},"categories":[26],"tags":[],"class_list":["post-36633","post","type-post","status-publish","format-standard","has-post-thumbnail","hentry","category-natacion"],"cc_featured_image_caption":{"caption_text":"FOTO PRENSA MUNICIPALIDAD","source_text":"","source_url":""},"_links":{"self":[{"href":"https:\/\/todoapulmon-rafaela.com\/index.php\/wp-json\/wp\/v2\/posts\/36633"}],"collection":[{"href":"https:\/\/todoapulmon-rafaela.com\/index.php\/wp-json\/wp\/v2\/posts"}],"about":[{"href":"https:\/\/todoapulmon-rafaela.com\/index.php\/wp-json\/wp\/v2\/types\/post"}],"author":[{"embeddable":true,"href":"https:\/\/todoapulmon-rafaela.com\/index.php\/wp-json\/wp\/v2\/users\/2"}],"replies":[{"embeddable":true,"href":"https:\/\/todoapulmon-rafaela.com\/index.php\/wp-json\/wp\/v2\/comments?post=36633"}],"version-history":[{"count":1,"href":"https:\/\/todoapulmon-rafaela.com\/index.php\/wp-json\/wp\/v2\/posts\/36633\/revisions"}],"predecessor-version":[{"id":36635,"href":"https:\/\/todoapulmon-rafaela.com\/index.php\/wp-json\/wp\/v2\/posts\/36633\/revisions\/36635"}],"wp:featuredmedia":[{"embeddable":true,"href":"https:\/\/todoapulmon-rafaela.com\/index.php\/wp-json\/wp\/v2\/media\/36634"}],"wp:attachment":[{"href":"https:\/\/todoapulmon-rafaela.com\/index.php\/wp-json\/wp\/v2\/media?parent=36633"}],"wp:term":[{"taxonomy":"category","embeddable":true,"href":"https:\/\/todoapulmon-rafaela.com\/index.php\/wp-json\/wp\/v2\/categories?post=36633"},{"taxonomy":"post_tag","embeddable":true,"href":"https:\/\/todoapulmon-rafaela.com\/index.php\/wp-json\/wp\/v2\/tags?post=36633"}],"curies":[{"name":"wp","href":"https:\/\/api.w.org\/{rel}","templated":true}]}}