{"id":366,"date":"2016-04-12T01:07:51","date_gmt":"2016-04-12T01:07:51","guid":{"rendered":"http:\/\/todoapulmon-rafaela.com\/?p=366"},"modified":"2016-04-12T01:10:09","modified_gmt":"2016-04-12T01:10:09","slug":"accos-estuvo-bien-representada-en-la-punta","status":"publish","type":"post","link":"https:\/\/todoapulmon-rafaela.com\/index.php\/2016\/04\/12\/accos-estuvo-bien-representada-en-la-punta\/","title":{"rendered":"ACCOS estuvo bien representada en La Punta"},"content":{"rendered":"<p>Este \u00faltimo fin de semana se desarroll\u00f3 en la ciudad de La Punta, San Luis, el Campeonato Argentino de Ruta de Master y Promocionales. La ACCOS tuvo cinco representantes en diferentes categor\u00edas.\u00a0 En Master A fue Julio Sol\u00f3rzano, en Master B2 Daniel del Barco, en Master C1 Luis Vegetti , en C2 Vicente Zoric y en D1 H\u00e9ctor Vallejos.<\/p>\n<p>Todos ellos participaron de la prueba Pelot\u00f3n teniendo una destacada actuaci\u00f3n; el \u00fanico que adem\u00e1s de esta prueba particip\u00f3 en la C.R.I fue Daniel del Barco quien se ubic\u00f3 en lo m\u00e1s alto del podio, logrando una medalla de oro para nuestra Asociaci\u00f3n con un excelente tiempo.<\/p>\n<p>Fue realmente un fin de semana a puro ciclismo con el acompa\u00f1amiento de la familia que tan importante es en todos los deportes. Los ciclistas viajaron con uno de sus entrenadores, Daniel Capella, ya que Norberto Capella se qued\u00f3 en la ciudad de Rafaela para continuar con los entrenamientos de los sub 23 y elite que este fin de semana tendr\u00e1n su Argentino en Catamarca, mientras que los juniors est\u00e1n compenetrados con los preparativos para el campeonato de pista.<\/p>\n","protected":false},"excerpt":{"rendered":"<p>Este \u00faltimo fin de semana se desarroll\u00f3 en la ciudad de La Punta, San Luis, el Campeonato Argentino de Ruta<\/p>\n","protected":false},"author":2,"featured_media":369,"comment_status":"open","ping_status":"open","sticky":false,"template":"","format":"standard","meta":{"footnotes":""},"categories":[4],"tags":[],"class_list":["post-366","post","type-post","status-publish","format-standard","has-post-thumbnail","hentry","category-ciclismo"],"cc_featured_image_caption":{"caption_text":"Luis Vegetti, Daniel Del Barco (oro en la contrarreloj) y Daniel Capella formaron parte del grupo de ACCOS.","source_text":"","source_url":""},"_links":{"self":[{"href":"https:\/\/todoapulmon-rafaela.com\/index.php\/wp-json\/wp\/v2\/posts\/366"}],"collection":[{"href":"https:\/\/todoapulmon-rafaela.com\/index.php\/wp-json\/wp\/v2\/posts"}],"about":[{"href":"https:\/\/todoapulmon-rafaela.com\/index.php\/wp-json\/wp\/v2\/types\/post"}],"author":[{"embeddable":true,"href":"https:\/\/todoapulmon-rafaela.com\/index.php\/wp-json\/wp\/v2\/users\/2"}],"replies":[{"embeddable":true,"href":"https:\/\/todoapulmon-rafaela.com\/index.php\/wp-json\/wp\/v2\/comments?post=366"}],"version-history":[{"count":1,"href":"https:\/\/todoapulmon-rafaela.com\/index.php\/wp-json\/wp\/v2\/posts\/366\/revisions"}],"predecessor-version":[{"id":368,"href":"https:\/\/todoapulmon-rafaela.com\/index.php\/wp-json\/wp\/v2\/posts\/366\/revisions\/368"}],"wp:featuredmedia":[{"embeddable":true,"href":"https:\/\/todoapulmon-rafaela.com\/index.php\/wp-json\/wp\/v2\/media\/369"}],"wp:attachment":[{"href":"https:\/\/todoapulmon-rafaela.com\/index.php\/wp-json\/wp\/v2\/media?parent=366"}],"wp:term":[{"taxonomy":"category","embeddable":true,"href":"https:\/\/todoapulmon-rafaela.com\/index.php\/wp-json\/wp\/v2\/categories?post=366"},{"taxonomy":"post_tag","embeddable":true,"href":"https:\/\/todoapulmon-rafaela.com\/index.php\/wp-json\/wp\/v2\/tags?post=366"}],"curies":[{"name":"wp","href":"https:\/\/api.w.org\/{rel}","templated":true}]}}