{"id":36518,"date":"2022-12-10T12:02:32","date_gmt":"2022-12-10T12:02:32","guid":{"rendered":"https:\/\/todoapulmon-rafaela.com\/?p=36518"},"modified":"2022-12-10T12:02:32","modified_gmt":"2022-12-10T12:02:32","slug":"rafaela-vivio-un-campeonato-nacional-historico","status":"publish","type":"post","link":"https:\/\/todoapulmon-rafaela.com\/index.php\/2022\/12\/10\/rafaela-vivio-un-campeonato-nacional-historico\/","title":{"rendered":"Rafaela vivi\u00f3 un Campeonato Nacional hist\u00f3rico"},"content":{"rendered":"<p><span style=\"color: #000000\"><span style=\"font-family: Arial, sans-serif\"><span>Tres veces en ochenta a\u00f1os, Rafaela fue sede del Campeonato Nacional de Vuelo a Vela, sin embargo es esta 69\u00b0 edici\u00f3n la que tiene salvedades hist\u00f3ricas.<\/span><\/span><\/span><\/p>\n<p><span style=\"color: #000000\"><span style=\"font-family: Arial, sans-serif\"><span>Duraci\u00f3n de pruebas, velocidades, pron\u00f3sticos, todo se combin\u00f3 para que el recuerdo de esta competencia sea para todos los 55 participantes y para aquellos que aportaron su tarea para poder cumplirlo en el Club de Planeadores Rafaela. Es la primera vez que se transmitieron los envuelos en vivo en un campeonato y se logr\u00f3 un caudal de informaci\u00f3n en redes sociales y a trav\u00e9s del sitio web de la instituci\u00f3n que se desatac\u00f3 durante todos estos d\u00edas.<\/span><\/span><\/span><\/p>\n<p><span style=\"color: #000000\"><span style=\"font-family: Arial, sans-serif\"><span>Fueron 12 d\u00edas y diez pruebas cumplidas, con un alt\u00edsimo porcentaje de arribos al club que hacen de esta competencia nacional una de las m\u00e1s trascendentes en tantas ediciones y a su vez a la de Argentina, la m\u00e1s importante de Latinoam\u00e9rica.<\/span><\/span><\/span><\/p>\n<p><span style=\"color: #000000\"><span style=\"font-family: Arial, sans-serif\"><span>En el campeonato, las siguientes fueron las posiciones finales.<\/span><\/span><\/span><\/p>\n<p><span style=\"color: #000000\"><span style=\"font-family: Arial, sans-serif\"><span>Standard fue para Gonzalo Riera (RG) del Club de Planeadores Albatros con 8.304 puntos. El segundo puesto fue para Cristian Franzini (RI) con 8.297 unidades y Dino Ghioni (KZ) con 8.168 unidades.<\/span><\/span><\/span><\/p>\n<p><span style=\"color: #000000\"><span style=\"font-family: Arial, sans-serif\"><span>En Open, Dami\u00e1n Goldenzweig (RW) del Club de Planeadores Rosario con su Ventus 2cm18m acumul\u00f3 8.771 puntos durante todas las competencias, quedando primero. Muy pegado estuvo Santiago Berca (RS) con 8.739 y el tercer puesto fue para Federico Buscema (ICA) sumando 8.675. La Copa Walter Giorgi se sum\u00f3 a los premios que recibi\u00f3 el campe\u00f3n, junto a la Copa Carlos L\u00f3pez.<\/span><\/span><\/span><\/p>\n<p><span style=\"color: #000000\"><span style=\"font-family: Arial, sans-serif\"><span>En la categor\u00eda 15 Metros, Sebasti\u00e1n Luengo (CQ) fue el ganador con su ASW 20 del Club de Planeadores Rivadavia, acumulando 8.315 puntos. El segundo puesto fue para Jos\u00e9 Dentone (WL) con 8.295 unidades, completando el podio Felipe Girado (N1) con 8.258 puntos.<\/span><\/span><\/span><\/p>\n<p><img loading=\"lazy\" decoding=\"async\" class=\"alignnone size-full wp-image-36520\" src=\"https:\/\/todoapulmon-rafaela.com\/wp-content\/uploads\/2022\/12\/Vuelo.jpg\" alt=\"\" width=\"1280\" height=\"867\" srcset=\"https:\/\/todoapulmon-rafaela.com\/wp-content\/uploads\/2022\/12\/Vuelo.jpg 1280w, https:\/\/todoapulmon-rafaela.com\/wp-content\/uploads\/2022\/12\/Vuelo-300x203.jpg 300w\" sizes=\"(max-width: 1280px) 100vw, 1280px\" \/><\/p>\n<p><span style=\"color: #000000\"><span style=\"font-family: Arial, sans-serif\"><span>En el acto de cierre se remarc\u00f3 que el objetivo de la organizaci\u00f3n estuvo cumplido en facilitar las herrramientas para que todos los competidores puedan atravesar de la mejor manera la competencia.<\/span><\/span><\/span><\/p>\n<p><span style=\"color: #000000\"><span style=\"font-family: Arial, sans-serif\"><span>Con una tarea intensa en la previa y durante el Campeonato Nacional, destacando tambi\u00e9n el protagonismo de todos los pilotos que pudieron superar el desaf\u00edo que el clima propuso en tierra y en el aire.<\/span><\/span><\/span><\/p>\n<p><span style=\"color: #000000\">\u201c<span style=\"font-family: Arial, sans-serif\"><span>Ha sido uno de los mejores campeonatos y hac\u00eda tiempo que no vol\u00e1bamos diez pruebas, con buenos promedios\u201d, manifest\u00f3 el presidente de la Federaci\u00f3n Argentina de Vuelo a Vela, Jos\u00e9 Carlos Damiano.<\/span><\/span><\/span><\/p>\n<p><span style=\"color: #000000\"><span style=\"font-family: Arial, sans-serif\"><span>Se destac\u00f3 la participaci\u00f3n de Lucas Berengua, no s\u00f3lo en temas meteorol\u00f3gicos en cada jornada, sino en la gesti\u00f3n del espacio a\u00e9reo especial para esta competencia. Del mismo modo, se agradeci\u00f3 la predisposici\u00f3n del Aero Club Rafaela por poner a disposici\u00f3n del Campeonato todo el Aer\u00f3dromo de la ciudad.<\/span><\/span><\/span><\/p>\n<p><span style=\"color: #000000\"><span style=\"font-family: Arial, sans-serif\"><span>El meteor\u00f3logo reconoci\u00f3 a su antecesor, como t\u00e9cnico de observaci\u00f3n meteorol\u00f3gica, Carlos L\u00f3pez \u201cEl Brujo\u201d, que durante 25 a\u00f1os se encarg\u00f3 de la tarea fundamental de adelantar las condiciones de cada d\u00eda en los campeonatos.<\/span><\/span><\/span><\/p>\n<p><span style=\"color: #000000\"><span style=\"font-family: Arial, sans-serif\"><span>Se hizo un reconocimiento especial a la delegaci\u00f3n de Brasil que estuvo en el Campeonato, confirmando la cercan\u00eda que el deporte genera, mucho m\u00e1s all\u00e1 de las fronteras.<\/span><\/span><\/span><\/p>\n","protected":false},"excerpt":{"rendered":"<p>Tres veces en ochenta a\u00f1os, Rafaela fue sede del Campeonato Nacional de Vuelo a Vela, sin embargo es esta 69\u00b0<\/p>\n","protected":false},"author":2,"featured_media":36519,"comment_status":"closed","ping_status":"closed","sticky":false,"template":"","format":"standard","meta":{"footnotes":""},"categories":[24],"tags":[],"class_list":["post-36518","post","type-post","status-publish","format-standard","has-post-thumbnail","hentry","category-noticias-destacadas"],"cc_featured_image_caption":{"caption_text":"FOTO PRENSA CLUB DE PLANEADORES","source_text":"","source_url":""},"_links":{"self":[{"href":"https:\/\/todoapulmon-rafaela.com\/index.php\/wp-json\/wp\/v2\/posts\/36518"}],"collection":[{"href":"https:\/\/todoapulmon-rafaela.com\/index.php\/wp-json\/wp\/v2\/posts"}],"about":[{"href":"https:\/\/todoapulmon-rafaela.com\/index.php\/wp-json\/wp\/v2\/types\/post"}],"author":[{"embeddable":true,"href":"https:\/\/todoapulmon-rafaela.com\/index.php\/wp-json\/wp\/v2\/users\/2"}],"replies":[{"embeddable":true,"href":"https:\/\/todoapulmon-rafaela.com\/index.php\/wp-json\/wp\/v2\/comments?post=36518"}],"version-history":[{"count":1,"href":"https:\/\/todoapulmon-rafaela.com\/index.php\/wp-json\/wp\/v2\/posts\/36518\/revisions"}],"predecessor-version":[{"id":36521,"href":"https:\/\/todoapulmon-rafaela.com\/index.php\/wp-json\/wp\/v2\/posts\/36518\/revisions\/36521"}],"wp:featuredmedia":[{"embeddable":true,"href":"https:\/\/todoapulmon-rafaela.com\/index.php\/wp-json\/wp\/v2\/media\/36519"}],"wp:attachment":[{"href":"https:\/\/todoapulmon-rafaela.com\/index.php\/wp-json\/wp\/v2\/media?parent=36518"}],"wp:term":[{"taxonomy":"category","embeddable":true,"href":"https:\/\/todoapulmon-rafaela.com\/index.php\/wp-json\/wp\/v2\/categories?post=36518"},{"taxonomy":"post_tag","embeddable":true,"href":"https:\/\/todoapulmon-rafaela.com\/index.php\/wp-json\/wp\/v2\/tags?post=36518"}],"curies":[{"name":"wp","href":"https:\/\/api.w.org\/{rel}","templated":true}]}}