{"id":36503,"date":"2022-12-08T14:57:58","date_gmt":"2022-12-08T14:57:58","guid":{"rendered":"https:\/\/todoapulmon-rafaela.com\/?p=36503"},"modified":"2022-12-08T14:57:58","modified_gmt":"2022-12-08T14:57:58","slug":"fiesta-del-deporte-todavia-hay-tiempo-para-las-inscripciones","status":"publish","type":"post","link":"https:\/\/todoapulmon-rafaela.com\/index.php\/2022\/12\/08\/fiesta-del-deporte-todavia-hay-tiempo-para-las-inscripciones\/","title":{"rendered":"Fiesta del Deporte: todav\u00eda hay tiempo para las inscripciones"},"content":{"rendered":"<p dir=\"ltr\">La Municipalidad de Rafaela, a trav\u00e9s de la Subsecretar\u00eda de Deportes y Recreaci\u00f3n, llevar\u00e1 adelante el 21 de diciembre, una nueva edici\u00f3n de la Fiesta del Deporte y elecci\u00f3n de la o el Deportista del A\u00f1o.\u00a0<b><\/b><\/p>\n<p dir=\"ltr\">El subsecretario de Deportes y Recreaci\u00f3n, Ignacio Podio, manifest\u00f3: \u201cEste a\u00f1o es la edici\u00f3n 25\u00b0 de la Fiesta. Se convocar\u00e1 a las y los deportistas del a\u00f1o de todas las ediciones anteriores porque forman parte de la historia de esta fiesta. Queremos homenajearlos\u201d.<b><\/b><\/p>\n<p dir=\"ltr\">En lo que respecta a las disciplinas, Podio cont\u00f3: \u201cLos y las deportistas individuales o las instituciones que quieran inscribir a deportistas para postularse en las diferentes ternas, van a poder hacerlo hasta el 11 de diciembre\u201d.<b><\/b><\/p>\n<p dir=\"ltr\">\u201cA trav\u00e9s de un formulario, se debe presentar el curr\u00edculum deportivo para que el \u00c1rea de Deporte de la Municipalidad, junto con periodistas y la Comisi\u00f3n Municipal Asesora del Deporte (COASMUDE), armen la votaci\u00f3n y se empiecen a conformar las ternas de las diferentes disciplinas para destacar a los y las deportistas. Este a\u00f1o no va a haber ganador de terna, sino que todos los y las deportistas ser\u00e1n destacados\u201d, detall\u00f3.<b><\/b><\/p>\n<p dir=\"ltr\">Las inscripciones para deportistas destacados rafaelinos o residentes en Rafaela, se encuentran abiertas hasta el 11 de diciembre, mediante el siguiente link: <a href=\"https:\/\/forms.gle\/6fRoJqo6tKcEdZoB6\" target=\"_blank\" rel=\"noopener noreferrer\" data-saferedirecturl=\"https:\/\/www.google.com\/url?q=https:\/\/forms.gle\/6fRoJqo6tKcEdZoB6&amp;source=gmail&amp;ust=1670591048263000&amp;usg=AOvVaw2qhytdQQaocmOVN6HctMz1\">https:\/\/forms.gle\/6fRoJqo6tKcEdZoB6<\/a>. El mismo deber\u00e1 completarse con todos los datos y enviarse.\u00a0<b><\/b><\/p>\n<p dir=\"ltr\">Recordemos que una de las condiciones para ser ternados es haber participado en el a\u00f1o 2022, de competencias zonales, regionales, provinciales, nacionales o internacionales, avaladas por federaciones, asociaciones u organismos oficiales.<b><\/b><\/p>\n<p dir=\"ltr\">Por cualquier duda o inquietud, comunicarse con la Subsecretar\u00eda de Deportes y Recreaci\u00f3n de la Municipalidad de Rafaela, al tel\u00e9fono 502000, interno 131.<\/p>\n","protected":false},"excerpt":{"rendered":"<p>La Municipalidad de Rafaela, a trav\u00e9s de la Subsecretar\u00eda de Deportes y Recreaci\u00f3n, llevar\u00e1 adelante el 21 de diciembre, una<\/p>\n","protected":false},"author":2,"featured_media":36504,"comment_status":"closed","ping_status":"closed","sticky":false,"template":"","format":"standard","meta":{"footnotes":""},"categories":[24],"tags":[],"class_list":["post-36503","post","type-post","status-publish","format-standard","has-post-thumbnail","hentry","category-noticias-destacadas"],"cc_featured_image_caption":{"caption_text":"","source_text":"","source_url":""},"_links":{"self":[{"href":"https:\/\/todoapulmon-rafaela.com\/index.php\/wp-json\/wp\/v2\/posts\/36503"}],"collection":[{"href":"https:\/\/todoapulmon-rafaela.com\/index.php\/wp-json\/wp\/v2\/posts"}],"about":[{"href":"https:\/\/todoapulmon-rafaela.com\/index.php\/wp-json\/wp\/v2\/types\/post"}],"author":[{"embeddable":true,"href":"https:\/\/todoapulmon-rafaela.com\/index.php\/wp-json\/wp\/v2\/users\/2"}],"replies":[{"embeddable":true,"href":"https:\/\/todoapulmon-rafaela.com\/index.php\/wp-json\/wp\/v2\/comments?post=36503"}],"version-history":[{"count":1,"href":"https:\/\/todoapulmon-rafaela.com\/index.php\/wp-json\/wp\/v2\/posts\/36503\/revisions"}],"predecessor-version":[{"id":36505,"href":"https:\/\/todoapulmon-rafaela.com\/index.php\/wp-json\/wp\/v2\/posts\/36503\/revisions\/36505"}],"wp:featuredmedia":[{"embeddable":true,"href":"https:\/\/todoapulmon-rafaela.com\/index.php\/wp-json\/wp\/v2\/media\/36504"}],"wp:attachment":[{"href":"https:\/\/todoapulmon-rafaela.com\/index.php\/wp-json\/wp\/v2\/media?parent=36503"}],"wp:term":[{"taxonomy":"category","embeddable":true,"href":"https:\/\/todoapulmon-rafaela.com\/index.php\/wp-json\/wp\/v2\/categories?post=36503"},{"taxonomy":"post_tag","embeddable":true,"href":"https:\/\/todoapulmon-rafaela.com\/index.php\/wp-json\/wp\/v2\/tags?post=36503"}],"curies":[{"name":"wp","href":"https:\/\/api.w.org\/{rel}","templated":true}]}}