{"id":36441,"date":"2022-12-05T17:18:19","date_gmt":"2022-12-05T17:18:19","guid":{"rendered":"https:\/\/todoapulmon-rafaela.com\/?p=36441"},"modified":"2022-12-05T17:18:19","modified_gmt":"2022-12-05T17:18:19","slug":"montesano-de-entrenador-a-dirigente-y-la-nueva-etapa-en-crar-con-kieffer","status":"publish","type":"post","link":"https:\/\/todoapulmon-rafaela.com\/index.php\/2022\/12\/05\/montesano-de-entrenador-a-dirigente-y-la-nueva-etapa-en-crar-con-kieffer\/","title":{"rendered":"Montesano de entrenador a dirigente y la nueva etapa en CRAR con Kieffer"},"content":{"rendered":"<p>Este domingo en el cierre de la Copa Challenger de la FOSH termin\u00f3 una exitosa etapa para Fabi\u00e1n Montesano al frente del hockey del CRAR. Llegado al Club en 2008 desde Santa Fe, r\u00e1pidamente se convirti\u00f3 en un rafaelino m\u00e1s y le dio a la disciplina la organizaci\u00f3n y empuje que necesitaba para que, con el correr de los a\u00f1os, fuera brind\u00e1ndole a la instituci\u00f3n logros que indudablemente son motivo de orgullo.<\/p>\n<p>Salvo en la temporada 2014, cuando Ariel P\u00e9rez Carli fue entrenador y \u00e9l estuvo en la Coordinaci\u00f3n, su funci\u00f3n principal (en general todos sabemos que los entrenadores de deportes amateurs hacen un poco de todo en los clubes) fue la de dirigir, con la mayor parte del proceso en los torneos de la ASH, y en los \u00faltimos ya en la Federaci\u00f3n del Oeste Santafesino.<\/p>\n<p>Montesano no solo logr\u00f3 satisfacciones con sus equipos, sino que jugadoras del Club que dirigi\u00f3 actualmente est\u00e1n teniendo importante inserci\u00f3n en clubes de Santa Fe y Rosario. A partir de 2023, trabajar\u00e1 para el hockey y el Club desde otra funci\u00f3n, la de dirigente en la Comisi\u00f3n Directiva, funci\u00f3n consensuada a partir de otra etapa que este a\u00f1o comenz\u00f3 en la actividad laboral.<\/p>\n<p>LLEGA OTRO CALIFICADO ENTRENADOR<\/p>\n<p>El a\u00f1o pr\u00f3ximo el nuevo entrenador de CRAR ser\u00e1 Adri\u00e1n Kieffer. Con una importante trayectoria en el hockey provincial, ya estuvo compenetrado en este \u00faltimo mes de la actualidad de la disciplina y presenciando varios partidos, m\u00e1s all\u00e1 que conoc\u00eda mucho a trav\u00e9s de su rol de entrenador de los seleccionados de la FOSH.<\/p>\n<p><img loading=\"lazy\" decoding=\"async\" class=\"alignnone size-full wp-image-36451\" src=\"https:\/\/todoapulmon-rafaela.com\/wp-content\/uploads\/2022\/12\/P1470892_resultado.jpg\" alt=\"\" width=\"1600\" height=\"1200\" srcset=\"https:\/\/todoapulmon-rafaela.com\/wp-content\/uploads\/2022\/12\/P1470892_resultado.jpg 1600w, https:\/\/todoapulmon-rafaela.com\/wp-content\/uploads\/2022\/12\/P1470892_resultado-300x225.jpg 300w, https:\/\/todoapulmon-rafaela.com\/wp-content\/uploads\/2022\/12\/P1470892_resultado-1536x1152.jpg 1536w\" sizes=\"(max-width: 1600px) 100vw, 1600px\" \/><\/p>\n<p>Kieffer tambi\u00e9n con anterioridad fue entrenador de seleccionados de la Asociaci\u00f3n Santafesina y trabaj\u00f3 varios a\u00f1os en Alma Juniors de Esperanza, adem\u00e1s de otros clubes de la regi\u00f3n.<\/p>\n","protected":false},"excerpt":{"rendered":"<p>Este domingo en el cierre de la Copa Challenger de la FOSH termin\u00f3 una exitosa etapa para Fabi\u00e1n Montesano al<\/p>\n","protected":false},"author":2,"featured_media":36449,"comment_status":"closed","ping_status":"closed","sticky":false,"template":"","format":"standard","meta":{"footnotes":""},"categories":[3,24],"tags":[],"class_list":["post-36441","post","type-post","status-publish","format-standard","has-post-thumbnail","hentry","category-hockey","category-noticias-destacadas"],"cc_featured_image_caption":{"caption_text":"Fabi\u00e1n Montesano dirigi\u00f3 hasta el domingo y en 2023 tendr\u00e1 un nuevo rol.","source_text":"","source_url":""},"_links":{"self":[{"href":"https:\/\/todoapulmon-rafaela.com\/index.php\/wp-json\/wp\/v2\/posts\/36441"}],"collection":[{"href":"https:\/\/todoapulmon-rafaela.com\/index.php\/wp-json\/wp\/v2\/posts"}],"about":[{"href":"https:\/\/todoapulmon-rafaela.com\/index.php\/wp-json\/wp\/v2\/types\/post"}],"author":[{"embeddable":true,"href":"https:\/\/todoapulmon-rafaela.com\/index.php\/wp-json\/wp\/v2\/users\/2"}],"replies":[{"embeddable":true,"href":"https:\/\/todoapulmon-rafaela.com\/index.php\/wp-json\/wp\/v2\/comments?post=36441"}],"version-history":[{"count":1,"href":"https:\/\/todoapulmon-rafaela.com\/index.php\/wp-json\/wp\/v2\/posts\/36441\/revisions"}],"predecessor-version":[{"id":36452,"href":"https:\/\/todoapulmon-rafaela.com\/index.php\/wp-json\/wp\/v2\/posts\/36441\/revisions\/36452"}],"wp:featuredmedia":[{"embeddable":true,"href":"https:\/\/todoapulmon-rafaela.com\/index.php\/wp-json\/wp\/v2\/media\/36449"}],"wp:attachment":[{"href":"https:\/\/todoapulmon-rafaela.com\/index.php\/wp-json\/wp\/v2\/media?parent=36441"}],"wp:term":[{"taxonomy":"category","embeddable":true,"href":"https:\/\/todoapulmon-rafaela.com\/index.php\/wp-json\/wp\/v2\/categories?post=36441"},{"taxonomy":"post_tag","embeddable":true,"href":"https:\/\/todoapulmon-rafaela.com\/index.php\/wp-json\/wp\/v2\/tags?post=36441"}],"curies":[{"name":"wp","href":"https:\/\/api.w.org\/{rel}","templated":true}]}}