{"id":3635,"date":"2016-11-15T14:24:36","date_gmt":"2016-11-15T14:24:36","guid":{"rendered":"http:\/\/todoapulmon-rafaela.com\/?p=3635"},"modified":"2016-11-15T14:24:36","modified_gmt":"2016-11-15T14:24:36","slug":"nadadores-de-ben-hur-en-cordoba-y-santa-fe","status":"publish","type":"post","link":"https:\/\/todoapulmon-rafaela.com\/index.php\/2016\/11\/15\/nadadores-de-ben-hur-en-cordoba-y-santa-fe\/","title":{"rendered":"Nadadores de Ben Hur en C\u00f3rdoba y Santa Fe"},"content":{"rendered":"<p class=\"x_MsoNormal\" align=\"left\">El s\u00e1bado 12 de noviembre nadadores Masters del Club Sportivo Ben Hur compitieron en el torneo organizado por el Club Atl\u00e9tico V\u00e9lez Sarsfield de Oliva, C\u00f3rdoba. Del certamen, denominado \u201cOliva se Pone a Nadar\u201d, participaron dos equipos con los siguientes resultados:<\/p>\n<p class=\"x_MsoNormal\" align=\"left\">El N\u00ba 1, integrado por Andr\u00e9s Amherdt, H\u00e9ctor Picard, Javier Lozano y Gabriel Danna, logr\u00f3 el 4\u00ba puesto en la categor\u00eda de 141 a 180 a\u00f1os nadando 4300 metros. Mientras que el equipo N\u00ba 2, integrado por Natalia Carinelli, Noelia Barberis, Javier Vitulich y Evelin Olivero, logr\u00f3 el 3\u00ba puesto en la categor\u00eda de 101 a 140 a\u00f1os nadando 4250 metros.<\/p>\n<p class=\"x_MsoNormal\" align=\"left\">SERAFIN ROJAS EN SANTA FE<\/p>\n<p class=\"x_MsoNormal\" align=\"left\">El s\u00e1bado se desarroll\u00f3 la primera fecha del torneo de Aguas Abiertas que organiza la Federaci\u00f3n Santafesina de Nataci\u00f3n. Fue en la Laguna Set\u00fabal desde Costane<span class=\"text_exposed_show\">ra Este hasta el Club Regatas, en la capital provincial.<br \/>\nEn el circuito largo, el rafaelino Seraf\u00edn Rojas complet\u00f3 el recorrido de 7.500 metros. El representante del Club Ben Hur entrenado por el profesor Joaqu\u00edn Avila, qued\u00f3 en el noveno puesto de la categor\u00eda juvenil con un tiempo de 1h16m34s.<br \/>\nLa pr\u00f3xima fecha ser\u00e1 el 3 de diciembre en Rinc\u00f3n, el 17 de diciembre est\u00e1 prevista la tercera fecha en Espig\u00f3n 1 y la cuarta (\u00faltima) el 14 de enero de 2017 en el Dique Puerto Santa Fe.<\/span><\/p>\n<figure id=\"attachment_3637\" aria-describedby=\"caption-attachment-3637\" style=\"width: 225px\" class=\"wp-caption alignnone\"><img loading=\"lazy\" decoding=\"async\" class=\"size-medium wp-image-3637\" src=\"http:\/\/todoapulmon-rafaela.com\/wp-content\/uploads\/2016\/11\/15069152_1233076900083982_2505466508359912129_o-225x300.jpg\" alt=\"Seraf\u00edn Rojas comenz\u00f3 el calendario de Aguas Abiertas en Santa Fe.\" width=\"225\" height=\"300\" srcset=\"https:\/\/todoapulmon-rafaela.com\/wp-content\/uploads\/2016\/11\/15069152_1233076900083982_2505466508359912129_o-225x300.jpg 225w, https:\/\/todoapulmon-rafaela.com\/wp-content\/uploads\/2016\/11\/15069152_1233076900083982_2505466508359912129_o.jpg 729w\" sizes=\"(max-width: 225px) 100vw, 225px\" \/><figcaption id=\"caption-attachment-3637\" class=\"wp-caption-text\">Seraf\u00edn Rojas comenz\u00f3 el calendario de Aguas Abiertas en Santa Fe.<\/figcaption><\/figure>\n<figure id=\"attachment_3638\" aria-describedby=\"caption-attachment-3638\" style=\"width: 300px\" class=\"wp-caption alignnone\"><img loading=\"lazy\" decoding=\"async\" class=\"size-medium wp-image-3638\" src=\"http:\/\/todoapulmon-rafaela.com\/wp-content\/uploads\/2016\/11\/Equipo1-300x169.jpg\" alt=\"El equipo 1 en el certamen cordob\u00e9s.\" width=\"300\" height=\"169\" srcset=\"https:\/\/todoapulmon-rafaela.com\/wp-content\/uploads\/2016\/11\/Equipo1-300x169.jpg 300w, https:\/\/todoapulmon-rafaela.com\/wp-content\/uploads\/2016\/11\/Equipo1-768x432.jpg 768w, https:\/\/todoapulmon-rafaela.com\/wp-content\/uploads\/2016\/11\/Equipo1.jpg 960w\" sizes=\"(max-width: 300px) 100vw, 300px\" \/><figcaption id=\"caption-attachment-3638\" class=\"wp-caption-text\">El equipo 1 en el certamen cordob\u00e9s.<\/figcaption><\/figure>\n","protected":false},"excerpt":{"rendered":"<p>El s\u00e1bado 12 de noviembre nadadores Masters del Club Sportivo Ben Hur compitieron en el torneo organizado por el Club<\/p>\n","protected":false},"author":2,"featured_media":3636,"comment_status":"open","ping_status":"open","sticky":false,"template":"","format":"standard","meta":{"footnotes":""},"categories":[24,1],"tags":[],"class_list":["post-3635","post","type-post","status-publish","format-standard","has-post-thumbnail","hentry","category-noticias-destacadas","category-sin-categoria"],"cc_featured_image_caption":{"caption_text":"El equipo n\u00famero 2 de BH en el torneo realizado en Oliva (foto prensa Ben Hur).","source_text":"","source_url":""},"_links":{"self":[{"href":"https:\/\/todoapulmon-rafaela.com\/index.php\/wp-json\/wp\/v2\/posts\/3635"}],"collection":[{"href":"https:\/\/todoapulmon-rafaela.com\/index.php\/wp-json\/wp\/v2\/posts"}],"about":[{"href":"https:\/\/todoapulmon-rafaela.com\/index.php\/wp-json\/wp\/v2\/types\/post"}],"author":[{"embeddable":true,"href":"https:\/\/todoapulmon-rafaela.com\/index.php\/wp-json\/wp\/v2\/users\/2"}],"replies":[{"embeddable":true,"href":"https:\/\/todoapulmon-rafaela.com\/index.php\/wp-json\/wp\/v2\/comments?post=3635"}],"version-history":[{"count":1,"href":"https:\/\/todoapulmon-rafaela.com\/index.php\/wp-json\/wp\/v2\/posts\/3635\/revisions"}],"predecessor-version":[{"id":3639,"href":"https:\/\/todoapulmon-rafaela.com\/index.php\/wp-json\/wp\/v2\/posts\/3635\/revisions\/3639"}],"wp:featuredmedia":[{"embeddable":true,"href":"https:\/\/todoapulmon-rafaela.com\/index.php\/wp-json\/wp\/v2\/media\/3636"}],"wp:attachment":[{"href":"https:\/\/todoapulmon-rafaela.com\/index.php\/wp-json\/wp\/v2\/media?parent=3635"}],"wp:term":[{"taxonomy":"category","embeddable":true,"href":"https:\/\/todoapulmon-rafaela.com\/index.php\/wp-json\/wp\/v2\/categories?post=3635"},{"taxonomy":"post_tag","embeddable":true,"href":"https:\/\/todoapulmon-rafaela.com\/index.php\/wp-json\/wp\/v2\/tags?post=3635"}],"curies":[{"name":"wp","href":"https:\/\/api.w.org\/{rel}","templated":true}]}}