{"id":36315,"date":"2022-11-29T11:21:42","date_gmt":"2022-11-29T11:21:42","guid":{"rendered":"https:\/\/todoapulmon-rafaela.com\/?p=36315"},"modified":"2022-11-29T11:21:42","modified_gmt":"2022-11-29T11:21:42","slug":"el-punto-sano-continua-prestando-servicios-orientados-a-la-prevencion-en-salud-2","status":"publish","type":"post","link":"https:\/\/todoapulmon-rafaela.com\/index.php\/2022\/11\/29\/el-punto-sano-continua-prestando-servicios-orientados-a-la-prevencion-en-salud-2\/","title":{"rendered":"El Punto Sano contin\u00faa prestando servicios orientados a la prevenci\u00f3n en salud"},"content":{"rendered":"<div>El Punto Sano es una herramienta clave para la prevenci\u00f3n en salud. Atiende, de manera gratuita, de lunes a viernes, de 10:00 a 12:00. Por la tarde, de 17:00 a 19:00. Se pueden hacer controles de glucemia, peso y presi\u00f3n arterial, y consultas de nutrici\u00f3n.<\/div>\n<div><\/div>\n<div>Recordemos que este es un espacio que se concentra en la atenci\u00f3n primaria de las personas que se acercan en busca de controles de signos vitales.<\/div>\n<div><\/div>\n<div>\u201cEl Punto Sano es lugar para tomar conciencia sobre la salud propia y buscar una consulta con su m\u00e9dico. Es un espacio de consejer\u00eda, educaci\u00f3n y atenci\u00f3n primaria donde muchas personas buscan una contenci\u00f3n y una escucha. Es una herramienta clave para promover h\u00e1bitos saludables, concientizar en torno a la prevenci\u00f3n de enfermedades, adem\u00e1s de la detecci\u00f3n precoz de patolog\u00edas\u00bb, manifest\u00f3 el subsecretario de Salud, Diego Lanzotti.<\/div>\n","protected":false},"excerpt":{"rendered":"<p>El Punto Sano es una herramienta clave para la prevenci\u00f3n en salud. Atiende, de manera gratuita, de lunes a viernes,<\/p>\n","protected":false},"author":2,"featured_media":36316,"comment_status":"closed","ping_status":"closed","sticky":false,"template":"","format":"standard","meta":{"footnotes":""},"categories":[24],"tags":[],"class_list":["post-36315","post","type-post","status-publish","format-standard","has-post-thumbnail","hentry","category-noticias-destacadas"],"cc_featured_image_caption":{"caption_text":"FOTO PRENSA MUNICIPALIDAD","source_text":"","source_url":""},"_links":{"self":[{"href":"https:\/\/todoapulmon-rafaela.com\/index.php\/wp-json\/wp\/v2\/posts\/36315"}],"collection":[{"href":"https:\/\/todoapulmon-rafaela.com\/index.php\/wp-json\/wp\/v2\/posts"}],"about":[{"href":"https:\/\/todoapulmon-rafaela.com\/index.php\/wp-json\/wp\/v2\/types\/post"}],"author":[{"embeddable":true,"href":"https:\/\/todoapulmon-rafaela.com\/index.php\/wp-json\/wp\/v2\/users\/2"}],"replies":[{"embeddable":true,"href":"https:\/\/todoapulmon-rafaela.com\/index.php\/wp-json\/wp\/v2\/comments?post=36315"}],"version-history":[{"count":1,"href":"https:\/\/todoapulmon-rafaela.com\/index.php\/wp-json\/wp\/v2\/posts\/36315\/revisions"}],"predecessor-version":[{"id":36317,"href":"https:\/\/todoapulmon-rafaela.com\/index.php\/wp-json\/wp\/v2\/posts\/36315\/revisions\/36317"}],"wp:featuredmedia":[{"embeddable":true,"href":"https:\/\/todoapulmon-rafaela.com\/index.php\/wp-json\/wp\/v2\/media\/36316"}],"wp:attachment":[{"href":"https:\/\/todoapulmon-rafaela.com\/index.php\/wp-json\/wp\/v2\/media?parent=36315"}],"wp:term":[{"taxonomy":"category","embeddable":true,"href":"https:\/\/todoapulmon-rafaela.com\/index.php\/wp-json\/wp\/v2\/categories?post=36315"},{"taxonomy":"post_tag","embeddable":true,"href":"https:\/\/todoapulmon-rafaela.com\/index.php\/wp-json\/wp\/v2\/tags?post=36315"}],"curies":[{"name":"wp","href":"https:\/\/api.w.org\/{rel}","templated":true}]}}