{"id":36121,"date":"2022-11-19T19:11:33","date_gmt":"2022-11-19T19:11:33","guid":{"rendered":"https:\/\/todoapulmon-rafaela.com\/?p=36121"},"modified":"2022-11-19T19:13:52","modified_gmt":"2022-11-19T19:13:52","slug":"otra-festejo-de-santa-fe-rugby-en-rafaela","status":"publish","type":"post","link":"https:\/\/todoapulmon-rafaela.com\/index.php\/2022\/11\/19\/otra-festejo-de-santa-fe-rugby-en-rafaela\/","title":{"rendered":"Otro festejo de Santa Fe Rugby en Rafaela"},"content":{"rendered":"<p>Este s\u00e1bado se desarroll\u00f3 la etapa final de la Copa Santa Fe de Rugby en las instalaciones del CRAR y como hace una semana en el Seven, esta vez Santa Fe Rugby se qued\u00f3 con el titulo de primera divisi\u00f3n. Fue con victoria ante CRAI en la final por 17 a 10.<\/p>\n<p>Adem\u00e1s, en cuanto al torneo de juveniles M16, el local CRAR qued\u00f3 tercero luego de caer en las semifinales con Logaritmo, que a la postre fue campe\u00f3n superando a Universitario.<\/p>\n<p>Estuvieron presentes las principales autoridades de la provincia en el evento, encabezadas por el gobernador Omar Perotti.<\/p>\n<p>Nota en Desarrollo<\/p>\n","protected":false},"excerpt":{"rendered":"<p>Este s\u00e1bado se desarroll\u00f3 la etapa final de la Copa Santa Fe de Rugby en las instalaciones del CRAR y<\/p>\n","protected":false},"author":2,"featured_media":36122,"comment_status":"closed","ping_status":"closed","sticky":false,"template":"","format":"standard","meta":{"footnotes":""},"categories":[2],"tags":[],"class_list":["post-36121","post","type-post","status-publish","format-standard","has-post-thumbnail","hentry","category-rugby"],"cc_featured_image_caption":{"caption_text":"","source_text":"","source_url":""},"_links":{"self":[{"href":"https:\/\/todoapulmon-rafaela.com\/index.php\/wp-json\/wp\/v2\/posts\/36121"}],"collection":[{"href":"https:\/\/todoapulmon-rafaela.com\/index.php\/wp-json\/wp\/v2\/posts"}],"about":[{"href":"https:\/\/todoapulmon-rafaela.com\/index.php\/wp-json\/wp\/v2\/types\/post"}],"author":[{"embeddable":true,"href":"https:\/\/todoapulmon-rafaela.com\/index.php\/wp-json\/wp\/v2\/users\/2"}],"replies":[{"embeddable":true,"href":"https:\/\/todoapulmon-rafaela.com\/index.php\/wp-json\/wp\/v2\/comments?post=36121"}],"version-history":[{"count":4,"href":"https:\/\/todoapulmon-rafaela.com\/index.php\/wp-json\/wp\/v2\/posts\/36121\/revisions"}],"predecessor-version":[{"id":36126,"href":"https:\/\/todoapulmon-rafaela.com\/index.php\/wp-json\/wp\/v2\/posts\/36121\/revisions\/36126"}],"wp:featuredmedia":[{"embeddable":true,"href":"https:\/\/todoapulmon-rafaela.com\/index.php\/wp-json\/wp\/v2\/media\/36122"}],"wp:attachment":[{"href":"https:\/\/todoapulmon-rafaela.com\/index.php\/wp-json\/wp\/v2\/media?parent=36121"}],"wp:term":[{"taxonomy":"category","embeddable":true,"href":"https:\/\/todoapulmon-rafaela.com\/index.php\/wp-json\/wp\/v2\/categories?post=36121"},{"taxonomy":"post_tag","embeddable":true,"href":"https:\/\/todoapulmon-rafaela.com\/index.php\/wp-json\/wp\/v2\/tags?post=36121"}],"curies":[{"name":"wp","href":"https:\/\/api.w.org\/{rel}","templated":true}]}}