{"id":3608,"date":"2016-11-14T11:42:49","date_gmt":"2016-11-14T11:42:49","guid":{"rendered":"http:\/\/todoapulmon-rafaela.com\/?p=3608"},"modified":"2016-11-14T11:42:49","modified_gmt":"2016-11-14T11:42:49","slug":"una-positiva-experiencia-internacional","status":"publish","type":"post","link":"https:\/\/todoapulmon-rafaela.com\/index.php\/2016\/11\/14\/una-positiva-experiencia-internacional\/","title":{"rendered":"Una positiva experiencia internacional"},"content":{"rendered":"<p>Este domingo se cerr\u00f3 el torneo Sudamericano de atletismo U18, en Concordia, donde cuatro atletas del Centro de Educaci\u00f3n F\u00ecsica N\u00ba 53 integraron la delegaci\u00f3n nacional.<\/p>\n<p>La programaci\u00f3n que hab\u00eda tenido el s\u00e1bado las actuaciones de Camila Real en marcha y Jemina Acevedo en lanzamiento de la bala, continu\u00f3 con el marchista Juan Campos, en la distancia de 10.000 metros, quien no pudo terminar la prueba por una descalificaci\u00f3n t\u00e9cnica. Se impuso el ecuatoriano David Hurtado Espinosa con 43m16s07.<br \/>\nLuego, la saltadora Celina Harte, oriunda de San Jorge pero que entrena en nuestra ciudad, qued\u00f3 s\u00e9ptima en el desempate en la prueba de alto con un registro de 1m65. Se impuso la colombiana Mar\u00eda Fernanda Murillo con 1m85.<br \/>\nFinalmente, Jemina Acevedo volvi\u00f3 a competir, esta vez en disco. Con un lanzamiento de 35m30 qued\u00f3 en la sexta posici\u00f3n. El triunfo correspondi\u00f3 a la chilena Catalina Bravo con 44m57.<\/p>\n<p>Sin dudas, una gran satisfacci\u00f3n para los atletas por esta gran experiencia internacional, para los atletas Ariel Magallanes y Enrique Aguirre, como as\u00ed tambi\u00e9n para las autoridades del CEF 53 que han tenido r\u00e1pidamente frutos al trabajo progresivo que desde hace algunos a\u00f1os se realiza en el afianzamiento del atletismo.<\/p>\n<p>BALANCE FINAL<\/p>\n<p>El Campeonato Sudamericano u18 en su 23\u00b0 cap\u00edtulo concluy\u00f3 este domingo 13 de noviembre en Concordia y Brasil ratific\u00f3 su amplio dominio, acumulando 19 medallas de oro, 9 de plata y 8 de bronce.<\/p>\n<p>En el medallero, el segundo lugar fue para Ecuador, confirmando el gran avance de su atletismo de los \u00faltimos tiempos y con actuaciones destacables en casi todas las especialidades.<\/p>\n<p>En cu\u00e1nto al puntaje, Brasil venci\u00f3 tanto en damas como caballeros, quedando Chile en el segundo puesto de la general (fue subcampe\u00f3n en varones y Colombia, en damas).<\/p>\n<p>En cu\u00e1nto a la formaci\u00f3n local, termin\u00f3 en el tercer puesto del puntaje y en el quinto del medallero, con una clara recuperaci\u00f3n en la \u00faltima jornada. Sus tres t\u00edtulos llegaron a trav\u00e9s de las mediofondistas Clara Baiocchi (obst\u00e1culos) y Agustina Boucherie (3000) y del decathleta Dami\u00e1n Moretta.<\/p>\n","protected":false},"excerpt":{"rendered":"<p>Este domingo se cerr\u00f3 el torneo Sudamericano de atletismo U18, en Concordia, donde cuatro atletas del Centro de Educaci\u00f3n F\u00ecsica<\/p>\n","protected":false},"author":2,"featured_media":3609,"comment_status":"open","ping_status":"open","sticky":false,"template":"","format":"standard","meta":{"footnotes":""},"categories":[7,24],"tags":[],"class_list":["post-3608","post","type-post","status-publish","format-standard","has-post-thumbnail","hentry","category-atletismo","category-noticias-destacadas"],"cc_featured_image_caption":{"caption_text":"La delegaci\u00f3n de nuestra ciudad en Concordia (foto A. Magallanes).","source_text":"","source_url":""},"_links":{"self":[{"href":"https:\/\/todoapulmon-rafaela.com\/index.php\/wp-json\/wp\/v2\/posts\/3608"}],"collection":[{"href":"https:\/\/todoapulmon-rafaela.com\/index.php\/wp-json\/wp\/v2\/posts"}],"about":[{"href":"https:\/\/todoapulmon-rafaela.com\/index.php\/wp-json\/wp\/v2\/types\/post"}],"author":[{"embeddable":true,"href":"https:\/\/todoapulmon-rafaela.com\/index.php\/wp-json\/wp\/v2\/users\/2"}],"replies":[{"embeddable":true,"href":"https:\/\/todoapulmon-rafaela.com\/index.php\/wp-json\/wp\/v2\/comments?post=3608"}],"version-history":[{"count":1,"href":"https:\/\/todoapulmon-rafaela.com\/index.php\/wp-json\/wp\/v2\/posts\/3608\/revisions"}],"predecessor-version":[{"id":3610,"href":"https:\/\/todoapulmon-rafaela.com\/index.php\/wp-json\/wp\/v2\/posts\/3608\/revisions\/3610"}],"wp:featuredmedia":[{"embeddable":true,"href":"https:\/\/todoapulmon-rafaela.com\/index.php\/wp-json\/wp\/v2\/media\/3609"}],"wp:attachment":[{"href":"https:\/\/todoapulmon-rafaela.com\/index.php\/wp-json\/wp\/v2\/media?parent=3608"}],"wp:term":[{"taxonomy":"category","embeddable":true,"href":"https:\/\/todoapulmon-rafaela.com\/index.php\/wp-json\/wp\/v2\/categories?post=3608"},{"taxonomy":"post_tag","embeddable":true,"href":"https:\/\/todoapulmon-rafaela.com\/index.php\/wp-json\/wp\/v2\/tags?post=3608"}],"curies":[{"name":"wp","href":"https:\/\/api.w.org\/{rel}","templated":true}]}}