{"id":36051,"date":"2022-11-15T17:14:17","date_gmt":"2022-11-15T17:14:17","guid":{"rendered":"https:\/\/todoapulmon-rafaela.com\/?p=36051"},"modified":"2022-11-15T17:16:08","modified_gmt":"2022-11-15T17:16:08","slug":"amancay-en-el-torneo-de-postas-realizado-en-santa-fe","status":"publish","type":"post","link":"https:\/\/todoapulmon-rafaela.com\/index.php\/2022\/11\/15\/amancay-en-el-torneo-de-postas-realizado-en-santa-fe\/","title":{"rendered":"Amancay en el torneo de Postas realizado en Santa Fe"},"content":{"rendered":"<p>El s\u00e1bado 12 de noviembre se realiz\u00f3 en las instalaciones del Centro Deportivo Jer\u00e1quicos Salud, un encuentro deportivo de nataci\u00f3n en la modalidad de postas. La prueba consist\u00eda en realizar relevos entre cuatro nadadores cambiando de competidor cada 100 metros realizados durante una hora. Quien realizaba m\u00e1s metros en las distintas categor\u00edas recib\u00eda una premiaci\u00f3n si estaba dentro de los 3 primeros.<\/p>\n<p><strong>El Natatorio Amancay concurri\u00f3 a la competencia con 4 postas (16\u00a0 nadadores)<\/strong> y en la competencia participaron m\u00e1s de 10 instituciones de las provincias de Santa Fe y de Entre R\u00edos. Los resultados de las postas del Natatorio Amancay en cada categor\u00eda fueron:<\/p>\n<p><u>Postas Femeninas hasta 160 a\u00f1os<\/u>: <strong>Primer puesto para la posta<\/strong> <strong>\u201cLas Fant\u00e1stias del Amancay\u201d integrada por: <\/strong>Gabriela Mezzo, Josefina Echarri, Fiama Romero y Mariana Rabbi.<\/p>\n<p><img loading=\"lazy\" decoding=\"async\" class=\"alignnone size-full wp-image-36053\" src=\"https:\/\/todoapulmon-rafaela.com\/wp-content\/uploads\/2022\/11\/IMG-20221115-WA00271.jpg\" alt=\"\" width=\"1600\" height=\"1204\" srcset=\"https:\/\/todoapulmon-rafaela.com\/wp-content\/uploads\/2022\/11\/IMG-20221115-WA00271.jpg 1600w, https:\/\/todoapulmon-rafaela.com\/wp-content\/uploads\/2022\/11\/IMG-20221115-WA00271-300x226.jpg 300w, https:\/\/todoapulmon-rafaela.com\/wp-content\/uploads\/2022\/11\/IMG-20221115-WA00271-1536x1156.jpg 1536w\" sizes=\"(max-width: 1600px) 100vw, 1600px\" \/><\/p>\n<p><u>Postas Masculinas hasta 160 a\u00f1os<\/u>: <strong>Tercer puesto para la posta \u201cR\u00e1pidos y Furiosos del Amancay\u201d integrada por:<\/strong> Luca Bahl, German Mehring, Ives Minetti y Emanuel Bianco.<\/p>\n<p>Tuvieron una destacada participaci\u00f3n en la misma categor\u00eda:<\/p>\n<p><strong>La posta \u201cLos pibes del Amancay\u201d integrada por: <\/strong>Alejo Perez, Andres Bonino, Eduardo Maretto y Martin Morgada.<\/p>\n<p><strong>La posta \u201cLos tapados del Amancay\u201d integrada por: <\/strong>Angel Herrera, Andres Colon, Roberto Espinosa y Cristian Gaitan.<\/p>\n<p><img loading=\"lazy\" decoding=\"async\" class=\"alignnone size-full wp-image-36054\" src=\"https:\/\/todoapulmon-rafaela.com\/wp-content\/uploads\/2022\/11\/IMG-20221115-WA00261.jpg\" alt=\"\" width=\"1600\" height=\"900\" srcset=\"https:\/\/todoapulmon-rafaela.com\/wp-content\/uploads\/2022\/11\/IMG-20221115-WA00261.jpg 1600w, https:\/\/todoapulmon-rafaela.com\/wp-content\/uploads\/2022\/11\/IMG-20221115-WA00261-300x169.jpg 300w, https:\/\/todoapulmon-rafaela.com\/wp-content\/uploads\/2022\/11\/IMG-20221115-WA00261-1536x864.jpg 1536w\" sizes=\"(max-width: 1600px) 100vw, 1600px\" \/><\/p>\n<p>Desde el Natatorio Amancay nos mencionan que est\u00e1n maravillados de la calidad de las instalaciones que tiene el mencionado centro deportivo y como siempre est\u00e1n agradecidos con sus nadadores por participar en estas competencias.<\/p>\n","protected":false},"excerpt":{"rendered":"<p>El s\u00e1bado 12 de noviembre se realiz\u00f3 en las instalaciones del Centro Deportivo Jer\u00e1quicos Salud, un encuentro deportivo de nataci\u00f3n<\/p>\n","protected":false},"author":2,"featured_media":36052,"comment_status":"closed","ping_status":"closed","sticky":false,"template":"","format":"standard","meta":{"footnotes":""},"categories":[26,24],"tags":[],"class_list":["post-36051","post","type-post","status-publish","format-standard","has-post-thumbnail","hentry","category-natacion","category-noticias-destacadas"],"cc_featured_image_caption":{"caption_text":"","source_text":"","source_url":""},"_links":{"self":[{"href":"https:\/\/todoapulmon-rafaela.com\/index.php\/wp-json\/wp\/v2\/posts\/36051"}],"collection":[{"href":"https:\/\/todoapulmon-rafaela.com\/index.php\/wp-json\/wp\/v2\/posts"}],"about":[{"href":"https:\/\/todoapulmon-rafaela.com\/index.php\/wp-json\/wp\/v2\/types\/post"}],"author":[{"embeddable":true,"href":"https:\/\/todoapulmon-rafaela.com\/index.php\/wp-json\/wp\/v2\/users\/2"}],"replies":[{"embeddable":true,"href":"https:\/\/todoapulmon-rafaela.com\/index.php\/wp-json\/wp\/v2\/comments?post=36051"}],"version-history":[{"count":2,"href":"https:\/\/todoapulmon-rafaela.com\/index.php\/wp-json\/wp\/v2\/posts\/36051\/revisions"}],"predecessor-version":[{"id":36056,"href":"https:\/\/todoapulmon-rafaela.com\/index.php\/wp-json\/wp\/v2\/posts\/36051\/revisions\/36056"}],"wp:featuredmedia":[{"embeddable":true,"href":"https:\/\/todoapulmon-rafaela.com\/index.php\/wp-json\/wp\/v2\/media\/36052"}],"wp:attachment":[{"href":"https:\/\/todoapulmon-rafaela.com\/index.php\/wp-json\/wp\/v2\/media?parent=36051"}],"wp:term":[{"taxonomy":"category","embeddable":true,"href":"https:\/\/todoapulmon-rafaela.com\/index.php\/wp-json\/wp\/v2\/categories?post=36051"},{"taxonomy":"post_tag","embeddable":true,"href":"https:\/\/todoapulmon-rafaela.com\/index.php\/wp-json\/wp\/v2\/tags?post=36051"}],"curies":[{"name":"wp","href":"https:\/\/api.w.org\/{rel}","templated":true}]}}