{"id":36047,"date":"2022-11-15T14:32:04","date_gmt":"2022-11-15T14:32:04","guid":{"rendered":"https:\/\/todoapulmon-rafaela.com\/?p=36047"},"modified":"2022-11-15T14:32:32","modified_gmt":"2022-11-15T14:32:32","slug":"se-realizara-en-rafaela-el-grand-prix-coronacion-de-atletismo","status":"publish","type":"post","link":"https:\/\/todoapulmon-rafaela.com\/index.php\/2022\/11\/15\/se-realizara-en-rafaela-el-grand-prix-coronacion-de-atletismo\/","title":{"rendered":"Se realizar\u00e1 en Rafaela el Grand Prix Coronaci\u00f3n de atletismo"},"content":{"rendered":"<p>El venidero s\u00e1bado 19 de noviembre se desarrollar\u00e1 en la pista del CEF 53 de nuestra ciudad la sexta y \u00faltima fecha, coronaci\u00f3n, de los Grand Prix de Atletismo que organiza la Federaci\u00f3n Santafesina de este deporte.<\/p>\n<p>La actividad dar\u00e1 comienzo muy temprano, a las 8.30, y tanto la organizaci\u00f3n como fiscalizaci\u00f3n estar\u00e1n a cargo del CRAS.<\/p>\n<p>En estos torneos, donde asisten clubes de otras importantes ciudades de la provincia, la participaci\u00f3n es en todas las categor\u00edas: U12, U14, U16, U18, U20 y Mini atletismo.<\/p>\n<p>Las inscripciones se realizan por sistema CADA para los atletas federados.<br \/>\nLos atletas u12 y u14 libres por planilla de Inscripci\u00f3nExcelCopaStfe y enviar al correo copa.atletismofsa@gmail.com, hasta el d\u00eda Jueves 17\/11, 22hs.<\/p>\n<p>Atletas: $300<br \/>\nMini Atletismo: $200<\/p>\n<p>Consultas 3492635301 &#8211; Leandro Bonamino<\/p>\n<p>Adem\u00e1s se estar\u00e1 colaborando con los ni\u00f1os de Pampa del Infierno, Chaco, llevando un alimento no perecedero.<\/p>\n","protected":false},"excerpt":{"rendered":"<p>El venidero s\u00e1bado 19 de noviembre se desarrollar\u00e1 en la pista del CEF 53 de nuestra ciudad la sexta y<\/p>\n","protected":false},"author":2,"featured_media":36049,"comment_status":"closed","ping_status":"closed","sticky":false,"template":"","format":"standard","meta":{"footnotes":""},"categories":[7,24],"tags":[],"class_list":["post-36047","post","type-post","status-publish","format-standard","has-post-thumbnail","hentry","category-atletismo","category-noticias-destacadas"],"cc_featured_image_caption":{"caption_text":"La \u00faltima edici\u00f3n en Rafaela fue en 2019.","source_text":"","source_url":""},"_links":{"self":[{"href":"https:\/\/todoapulmon-rafaela.com\/index.php\/wp-json\/wp\/v2\/posts\/36047"}],"collection":[{"href":"https:\/\/todoapulmon-rafaela.com\/index.php\/wp-json\/wp\/v2\/posts"}],"about":[{"href":"https:\/\/todoapulmon-rafaela.com\/index.php\/wp-json\/wp\/v2\/types\/post"}],"author":[{"embeddable":true,"href":"https:\/\/todoapulmon-rafaela.com\/index.php\/wp-json\/wp\/v2\/users\/2"}],"replies":[{"embeddable":true,"href":"https:\/\/todoapulmon-rafaela.com\/index.php\/wp-json\/wp\/v2\/comments?post=36047"}],"version-history":[{"count":1,"href":"https:\/\/todoapulmon-rafaela.com\/index.php\/wp-json\/wp\/v2\/posts\/36047\/revisions"}],"predecessor-version":[{"id":36050,"href":"https:\/\/todoapulmon-rafaela.com\/index.php\/wp-json\/wp\/v2\/posts\/36047\/revisions\/36050"}],"wp:featuredmedia":[{"embeddable":true,"href":"https:\/\/todoapulmon-rafaela.com\/index.php\/wp-json\/wp\/v2\/media\/36049"}],"wp:attachment":[{"href":"https:\/\/todoapulmon-rafaela.com\/index.php\/wp-json\/wp\/v2\/media?parent=36047"}],"wp:term":[{"taxonomy":"category","embeddable":true,"href":"https:\/\/todoapulmon-rafaela.com\/index.php\/wp-json\/wp\/v2\/categories?post=36047"},{"taxonomy":"post_tag","embeddable":true,"href":"https:\/\/todoapulmon-rafaela.com\/index.php\/wp-json\/wp\/v2\/tags?post=36047"}],"curies":[{"name":"wp","href":"https:\/\/api.w.org\/{rel}","templated":true}]}}