{"id":3604,"date":"2016-11-13T18:28:17","date_gmt":"2016-11-13T18:28:17","guid":{"rendered":"http:\/\/todoapulmon-rafaela.com\/?p=3604"},"modified":"2016-11-13T18:30:28","modified_gmt":"2016-11-13T18:30:28","slug":"gentinetta-y-operto-rumbo-al-sudamericano","status":"publish","type":"post","link":"https:\/\/todoapulmon-rafaela.com\/index.php\/2016\/11\/13\/gentinetta-y-operto-rumbo-al-sudamericano\/","title":{"rendered":"Gentinetta y Operto rumbo al Sudamericano"},"content":{"rendered":"<p>Este domingo, el seleccionado nacional U15 femenino, con las benhurenses Candela Gentinetta y Luc\u00eda Operto, viaj\u00f3 con rumbo a la ecuatoriana ciudad de Ibarra, donde a partir del jueves buscar\u00e1 una de las dos plazas directas para el FIBA Americas U16 del 2017. El lunes tendr\u00e1n un amistoso con las due\u00f1as de casa.<\/p>\n<p>El viaje fue en el vuelo 1360 de Aerol\u00edneas Argentinas, de Ezeiza hac\u00eda Bogot\u00e1. Luego de una espera de seis horas embarcaron nuevamente, en este caso, en el vuelo 525 de TAME L\u00ednea A\u00e9rea del Ecuador.<\/p>\n<p>Est\u00e1 previsto que para las 20, hora argentina, de este domingo aterricen en Quito. All\u00ed s\u00f3lo les restar\u00e1n 130 km en colectivo, para llegar al epicentro del certamen: Ibarra.<\/p>\n<p>La delegaci\u00f3n nacional est\u00e1 compuesta por las bases Ariana Rugna Di Lorenzo (Centro Galicia \/ camiseta #4 \/ 1.60 de estatura) y Florencia Chagas (Berazategui \/ #14 \/ 1.77). Las perimetrales Roc\u00edo Cejas (Berazategui \/ #6 \/ 1.70), Dalma Piri (Racing de San Cristobal \/ #7 \/ 1.70), Roc\u00edo Bereilh (Pe\u00f1arol de Mar del Plata \/ #8 \/ 1.66), Sof\u00eda Acevedo (Indios de Moreno \/ #9 \/ 1.67) y Candela Gentinetta (Ben Hur Rafaela \/ #13 \/ 1.80).<\/p>\n<p>Y las internas Luc\u00eda Operto (Ben Hur Rafaela \/ #11 \/ 1.89), Victoria Gauna (Andes Talleres \/ #4 \/ 1.85), Brenda Fontana (Indios de Moreno \/ #15 \/ 1.81), Luciana Ricotti (Presidente Derqui \/ #12 \/ 1.85) y Malvina Dagostino (Talleres de Paran\u00e1 \/ #10 \/ 1.82).<\/p>\n<p>El cuerpo t\u00e9cnico lo integran Laura Cors (entrenadora), Hern\u00e1n Amaya (asistente), Micaela Quesada (kinesi\u00f3loga) y Nicolas Abedikian (utilero).<\/p>\n<p>Fuente: prensa CABB.<\/p>\n<p>&nbsp;<\/p>\n","protected":false},"excerpt":{"rendered":"<p>Este domingo, el seleccionado nacional U15 femenino, con las benhurenses Candela Gentinetta y Luc\u00eda Operto, viaj\u00f3 con rumbo a la<\/p>\n","protected":false},"author":2,"featured_media":3607,"comment_status":"open","ping_status":"open","sticky":false,"template":"","format":"standard","meta":{"footnotes":""},"categories":[5,24],"tags":[],"class_list":["post-3604","post","type-post","status-publish","format-standard","has-post-thumbnail","hentry","category-basquet","category-noticias-destacadas"],"cc_featured_image_caption":{"caption_text":"El plantel argentino jugar\u00e1 desde el jueves el Sudamericano (foto prensa CABB).","source_text":"","source_url":""},"_links":{"self":[{"href":"https:\/\/todoapulmon-rafaela.com\/index.php\/wp-json\/wp\/v2\/posts\/3604"}],"collection":[{"href":"https:\/\/todoapulmon-rafaela.com\/index.php\/wp-json\/wp\/v2\/posts"}],"about":[{"href":"https:\/\/todoapulmon-rafaela.com\/index.php\/wp-json\/wp\/v2\/types\/post"}],"author":[{"embeddable":true,"href":"https:\/\/todoapulmon-rafaela.com\/index.php\/wp-json\/wp\/v2\/users\/2"}],"replies":[{"embeddable":true,"href":"https:\/\/todoapulmon-rafaela.com\/index.php\/wp-json\/wp\/v2\/comments?post=3604"}],"version-history":[{"count":1,"href":"https:\/\/todoapulmon-rafaela.com\/index.php\/wp-json\/wp\/v2\/posts\/3604\/revisions"}],"predecessor-version":[{"id":3606,"href":"https:\/\/todoapulmon-rafaela.com\/index.php\/wp-json\/wp\/v2\/posts\/3604\/revisions\/3606"}],"wp:featuredmedia":[{"embeddable":true,"href":"https:\/\/todoapulmon-rafaela.com\/index.php\/wp-json\/wp\/v2\/media\/3607"}],"wp:attachment":[{"href":"https:\/\/todoapulmon-rafaela.com\/index.php\/wp-json\/wp\/v2\/media?parent=3604"}],"wp:term":[{"taxonomy":"category","embeddable":true,"href":"https:\/\/todoapulmon-rafaela.com\/index.php\/wp-json\/wp\/v2\/categories?post=3604"},{"taxonomy":"post_tag","embeddable":true,"href":"https:\/\/todoapulmon-rafaela.com\/index.php\/wp-json\/wp\/v2\/tags?post=3604"}],"curies":[{"name":"wp","href":"https:\/\/api.w.org\/{rel}","templated":true}]}}