{"id":36005,"date":"2022-11-14T14:35:47","date_gmt":"2022-11-14T14:35:47","guid":{"rendered":"https:\/\/todoapulmon-rafaela.com\/?p=36005"},"modified":"2022-11-14T14:57:49","modified_gmt":"2022-11-14T14:57:49","slug":"patinadoras-de-almagro-compitieron-en-reconquista","status":"publish","type":"post","link":"https:\/\/todoapulmon-rafaela.com\/index.php\/2022\/11\/14\/patinadoras-de-almagro-compitieron-en-reconquista\/","title":{"rendered":"Patinadoras de Almagro compitieron en Reconquista"},"content":{"rendered":"<p>Este s\u00e1bado y domingo se realiz\u00f3 en el Club Adelante de Reconquista la Copa Internacional, categor\u00edas A y B, y Danza, torneo destinado por la Asociaci\u00f3n Pat\u00edn Zona Norte a la prueba de categor\u00edas de cara a la temporada 2023.<\/p>\n<p>En el mismo participaron con meritorias performances patinadoras del Club Almagro de Rafaela, a cargo de las entrenadoras Delfina Alasia y Candela Bracamonte.<\/p>\n<p><img loading=\"lazy\" decoding=\"async\" class=\"alignnone size-full wp-image-36011\" src=\"https:\/\/todoapulmon-rafaela.com\/wp-content\/uploads\/2022\/11\/Picsart_22-11-14_11-34-34-0532-1-scaled.jpg\" alt=\"\" width=\"2560\" height=\"1116\" srcset=\"https:\/\/todoapulmon-rafaela.com\/wp-content\/uploads\/2022\/11\/Picsart_22-11-14_11-34-34-0532-1-scaled.jpg 2560w, https:\/\/todoapulmon-rafaela.com\/wp-content\/uploads\/2022\/11\/Picsart_22-11-14_11-34-34-0532-1-300x131.jpg 300w, https:\/\/todoapulmon-rafaela.com\/wp-content\/uploads\/2022\/11\/Picsart_22-11-14_11-34-34-0532-1-1536x670.jpg 1536w, https:\/\/todoapulmon-rafaela.com\/wp-content\/uploads\/2022\/11\/Picsart_22-11-14_11-34-34-0532-1-2048x893.jpg 2048w\" sizes=\"(max-width: 2560px) 100vw, 2560px\" \/><\/p>\n<p>Este es el detalle de los resultados:<\/p>\n<p>Valentina Bork: Segunda B Juvenil, primer puesto.<\/p>\n<p>Elina Denasio: Promocional B Cadete, 12\u00ba puesto.<\/p>\n<p>Luc\u00eda Ferrarese: Promocional B Infantil, 8\u00ba puesto.<\/p>\n<p>Irina Guti\u00e9rrez: Segunda B Junior, primer puesto.<\/p>\n<p>Agostina Peralta: Segunda B Cadete, primer puesto.<\/p>\n<p>&nbsp;<\/p>\n","protected":false},"excerpt":{"rendered":"<p>Este s\u00e1bado y domingo se realiz\u00f3 en el Club Adelante de Reconquista la Copa Internacional, categor\u00edas A y B, y<\/p>\n","protected":false},"author":2,"featured_media":36014,"comment_status":"closed","ping_status":"closed","sticky":false,"template":"","format":"standard","meta":{"footnotes":""},"categories":[24,30],"tags":[],"class_list":["post-36005","post","type-post","status-publish","format-standard","has-post-thumbnail","hentry","category-noticias-destacadas","category-patin"],"cc_featured_image_caption":{"caption_text":"","source_text":"","source_url":""},"_links":{"self":[{"href":"https:\/\/todoapulmon-rafaela.com\/index.php\/wp-json\/wp\/v2\/posts\/36005"}],"collection":[{"href":"https:\/\/todoapulmon-rafaela.com\/index.php\/wp-json\/wp\/v2\/posts"}],"about":[{"href":"https:\/\/todoapulmon-rafaela.com\/index.php\/wp-json\/wp\/v2\/types\/post"}],"author":[{"embeddable":true,"href":"https:\/\/todoapulmon-rafaela.com\/index.php\/wp-json\/wp\/v2\/users\/2"}],"replies":[{"embeddable":true,"href":"https:\/\/todoapulmon-rafaela.com\/index.php\/wp-json\/wp\/v2\/comments?post=36005"}],"version-history":[{"count":3,"href":"https:\/\/todoapulmon-rafaela.com\/index.php\/wp-json\/wp\/v2\/posts\/36005\/revisions"}],"predecessor-version":[{"id":36012,"href":"https:\/\/todoapulmon-rafaela.com\/index.php\/wp-json\/wp\/v2\/posts\/36005\/revisions\/36012"}],"wp:featuredmedia":[{"embeddable":true,"href":"https:\/\/todoapulmon-rafaela.com\/index.php\/wp-json\/wp\/v2\/media\/36014"}],"wp:attachment":[{"href":"https:\/\/todoapulmon-rafaela.com\/index.php\/wp-json\/wp\/v2\/media?parent=36005"}],"wp:term":[{"taxonomy":"category","embeddable":true,"href":"https:\/\/todoapulmon-rafaela.com\/index.php\/wp-json\/wp\/v2\/categories?post=36005"},{"taxonomy":"post_tag","embeddable":true,"href":"https:\/\/todoapulmon-rafaela.com\/index.php\/wp-json\/wp\/v2\/tags?post=36005"}],"curies":[{"name":"wp","href":"https:\/\/api.w.org\/{rel}","templated":true}]}}