{"id":36003,"date":"2022-11-14T17:31:21","date_gmt":"2022-11-14T17:31:21","guid":{"rendered":"https:\/\/todoapulmon-rafaela.com\/?p=36003"},"modified":"2022-11-14T17:35:30","modified_gmt":"2022-11-14T17:35:30","slug":"gimnasia","status":"publish","type":"post","link":"https:\/\/todoapulmon-rafaela.com\/index.php\/2022\/11\/14\/gimnasia\/","title":{"rendered":"El viaje que casi no se da y un final de cuento de hadas para Emilia Acosta"},"content":{"rendered":"<p><strong>(Por Dar\u00edo Guti\u00e9rrez).-<\/strong> \u00abA veces por algo suceden las cosas. Tuvimos muchos inconvenientes para que Emilia pueda estar en el Sudamericano, pero ahora pienso que valieron la pena. Todo termina teniendo su premio\u00bb, nos cuenta a\u00fan desde Guayaquil, V\u00edctor Ingaramo, entrenador de CREAR Club que acompa\u00f1\u00f3 a la juvenil gimnasta rafaelina de 13 a\u00f1os a su primer torneo internacional realizado en Ecuador.<\/p>\n<p>Los resultados superaron con creces las expectativas. El segundo puesto en viga con la medalla de plata, la medalla de oro por equipos y el cuarto puesto general individual en la categor\u00eda AC4 (Sub 14) llenaron de satisfacci\u00f3n a todo el grupo argentino, y en particular a nuestros representantes.<\/p>\n<p>Pero detr\u00e1s de la foto final en el podio, con rostros felices, pasaron muchas cosas que merecen ser contadas, porque demuestran todo un sacrificio extra que se debe realizar desde el interior del pa\u00eds para acceder a este tipo de competencias de alto nivel.<\/p>\n<p>\u00abEl domingo 6 de noviembre, a eso de las 16 estaba por mirar a la Academia en la final contra Boca, cuando me lleg\u00f3 un mensaje de una dirigente de la Confederaci\u00f3n Argentina de Gimnasia pregunt\u00e1ndome qu\u00e9 posibilidad hab\u00eda que Emilia pudiera viajar a Ecuador, porque se hab\u00eda lesionado una de las nenas\u00bb, empez\u00f3 el relato de V\u00edctor, confeso hincha de Racing. Esta consulta apuntaba a que Emi era la primera reserva para el equipo argentino luego del selectivo que se hab\u00eda hecho hace algunas semanas.<\/p>\n<p>Lo que en un principio parec\u00eda poco probable, terminaba d\u00e1ndose. En referencia a la posibilidad concreta de viajar, pero&#8230;todav\u00eda faltaba mucho por hacer en apenas un d\u00eda de tiempo. A 550 kil\u00f3metros de CABA.<\/p>\n<p>Fue as\u00ed que empezaron a cruzarse un sin fin de inquietudes burocr\u00e1ticas y econ\u00f3micas. \u00abEn ese momento no sab\u00eda si ten\u00edamos que pagarlo nosotros al pasaje, empec\u00e9 a buscar sobre los vuelos y las posibilidades a contrarreloj. Los pasajes estaban car\u00edsimos, asi que consult\u00e9 con otros entrenadores para ver lo que se necesitaba, lo mismo con el secretario por la papeler\u00eda. Pero era domingo y ten\u00eda que esperar hasta el lunes que abran las oficinas\u00bb.<\/p>\n<p>Por el tema econ\u00f3mico, un dato fundamental, Ingaramo habl\u00f3 con la familia Acosta que con mucho esfuerzo estaba dispuesta a costear el viaje, aunque afortunadamente luego se inform\u00f3 que esa categor\u00eda (AC4) el pasaje iba a tener reintegro, al menos algo positivo. A todo esto, entre inscripci\u00f3n y hotel la erogaci\u00f3n era de 500 d\u00f3lares.<\/p>\n<p>El viejo dicho que \u00abDios est\u00e1 en todas partes pero atiende en Buenos Aires\u00bb tiene d\u00e9cadas&#8230;y sigue vigente en pleno siglo XXI.<\/p>\n<p>Ya en lunes, V\u00edctor se levant\u00f3 temprano en nuestra ciudad para empezar a llamar y con el secretario Lucas de la Confederaci\u00f3n se empez\u00f3 a averiguar en la empresa de pasajes que trasladaba a la selecci\u00f3n, porque hab\u00eda que cambiar el nombre de pasaje de la nena que se lesion\u00f3, por el de la rafaelina. \u00abEso tard\u00f3 hasta las 15, o sea que hasta esa hora no sab\u00eda si pod\u00edamos ir\u00bb, continu\u00f3 el entrenador.<\/p>\n<p><img loading=\"lazy\" decoding=\"async\" class=\"alignnone size-full wp-image-36017\" src=\"https:\/\/todoapulmon-rafaela.com\/wp-content\/uploads\/2022\/11\/IMG-20221114-WA00361.jpg\" alt=\"\" width=\"1200\" height=\"1600\" srcset=\"https:\/\/todoapulmon-rafaela.com\/wp-content\/uploads\/2022\/11\/IMG-20221114-WA00361.jpg 1200w, https:\/\/todoapulmon-rafaela.com\/wp-content\/uploads\/2022\/11\/IMG-20221114-WA00361-225x300.jpg 225w, https:\/\/todoapulmon-rafaela.com\/wp-content\/uploads\/2022\/11\/IMG-20221114-WA00361-1125x1500.jpg 1125w, https:\/\/todoapulmon-rafaela.com\/wp-content\/uploads\/2022\/11\/IMG-20221114-WA00361-1152x1536.jpg 1152w\" sizes=\"(max-width: 1200px) 100vw, 1200px\" \/><\/p>\n<p>La otra dificultad surgi\u00f3 cuando le avisaron a la mam\u00e1 de Emilia que aqu\u00ed en Rafaela no se pod\u00eda hacer en un d\u00eda la autorizaci\u00f3n especial para viajar al exterior, sino que deb\u00eda gestionarse en Santa Fe y eso demoraba entre uno y dos d\u00edas.<\/p>\n<p>Mientras desde la CAA se hab\u00eda solucionado el tema del cambio de pasaje de la gimnasta, en Rafaela parec\u00eda frustrarse la posibilidad por lo burocr\u00e1tico. En ese momento surgi\u00f3 el comentario de la entrenadora nacional Camila Soto que ya en una oportunidad tuvo una dificultad parecida y se solucion\u00f3 en la oficina del Aeropuerto de Ezeiza, que est\u00e1 abierta las 24 horas.<\/p>\n<p>Volv\u00eda a reflotarse, pero a todo esto Emilia no sab\u00eda nada porque se prefiri\u00f3 evitarle estar al tanto de estas complicaciones. Sin embargo, hubo un par de horas de dudas porque su padre deb\u00eda conseguir permiso para viajar a Buenos Aires. Afortunadamente eso tambi\u00e9n se destrab\u00f3 y lograron en la medianoche llegar a CABA y cumplir con esos requisitos, y a las pocas horas la peque\u00f1a deportista ya estaba en el avi\u00f3n con sus compa\u00f1eras.<\/p>\n<p><img loading=\"lazy\" decoding=\"async\" class=\"alignnone size-full wp-image-36018\" src=\"https:\/\/todoapulmon-rafaela.com\/wp-content\/uploads\/2022\/11\/IMG-20221114-WA00381.jpg\" alt=\"\" width=\"1200\" height=\"1600\" srcset=\"https:\/\/todoapulmon-rafaela.com\/wp-content\/uploads\/2022\/11\/IMG-20221114-WA00381.jpg 1200w, https:\/\/todoapulmon-rafaela.com\/wp-content\/uploads\/2022\/11\/IMG-20221114-WA00381-225x300.jpg 225w, https:\/\/todoapulmon-rafaela.com\/wp-content\/uploads\/2022\/11\/IMG-20221114-WA00381-1125x1500.jpg 1125w, https:\/\/todoapulmon-rafaela.com\/wp-content\/uploads\/2022\/11\/IMG-20221114-WA00381-1152x1536.jpg 1152w\" sizes=\"(max-width: 1200px) 100vw, 1200px\" \/><\/p>\n<p>A todo esto cabe se\u00f1alar que en casi todos los deportes el ENARD no se hace cargo de las delegaciones nacionales en torneos internacionales juveniles. Solo en mayores, en este caso afortunadamente la categor\u00eda de Emilia tendr\u00e1 reintegro, pero no as\u00ed el de Victor como entrenador que se hizo cargo del suyo, y por eso viaj\u00f3 un d\u00eda despu\u00e9s buscando un precio m\u00e1s accesible. No se iba a perder el torneo tan esperado por su alumna desde los 5 a\u00f1os.<\/p>\n<p>Podr\u00eda decirse que el cuento tuvo un final feliz. Emilia, que algunas cuestiones de la rutina no las ven\u00eda trabajando \u00faltimamente porque estaba entrenando para el Nacional de los pr\u00f3ximos d\u00edas, tuvo su gran torneo y se trajo dos medallas so\u00f1adas. Sin embargo, es importante contar tambi\u00e9n el detr\u00e1s de escena de algunas cuestiones que en el deporte argentino a veces frustran sue\u00f1os. Hay mucha gente con buena voluntad para solucionar problemas, pero tambi\u00e9n es cierto que algunas cosas debieran simplificarse.\u00a0Si no fuera por la perseverancia de entrenadores, familiares y algunos dirigentes, hoy a lo mejor estar\u00edamos hablando de otra cosa.<\/p>\n","protected":false},"excerpt":{"rendered":"<p>(Por Dar\u00edo Guti\u00e9rrez).- \u00abA veces por algo suceden las cosas. Tuvimos muchos inconvenientes para que Emilia pueda estar en el<\/p>\n","protected":false},"author":2,"featured_media":36016,"comment_status":"closed","ping_status":"closed","sticky":false,"template":"","format":"standard","meta":{"footnotes":""},"categories":[24],"tags":[],"class_list":["post-36003","post","type-post","status-publish","format-standard","has-post-thumbnail","hentry","category-noticias-destacadas"],"cc_featured_image_caption":{"caption_text":"","source_text":"","source_url":""},"_links":{"self":[{"href":"https:\/\/todoapulmon-rafaela.com\/index.php\/wp-json\/wp\/v2\/posts\/36003"}],"collection":[{"href":"https:\/\/todoapulmon-rafaela.com\/index.php\/wp-json\/wp\/v2\/posts"}],"about":[{"href":"https:\/\/todoapulmon-rafaela.com\/index.php\/wp-json\/wp\/v2\/types\/post"}],"author":[{"embeddable":true,"href":"https:\/\/todoapulmon-rafaela.com\/index.php\/wp-json\/wp\/v2\/users\/2"}],"replies":[{"embeddable":true,"href":"https:\/\/todoapulmon-rafaela.com\/index.php\/wp-json\/wp\/v2\/comments?post=36003"}],"version-history":[{"count":6,"href":"https:\/\/todoapulmon-rafaela.com\/index.php\/wp-json\/wp\/v2\/posts\/36003\/revisions"}],"predecessor-version":[{"id":36022,"href":"https:\/\/todoapulmon-rafaela.com\/index.php\/wp-json\/wp\/v2\/posts\/36003\/revisions\/36022"}],"wp:featuredmedia":[{"embeddable":true,"href":"https:\/\/todoapulmon-rafaela.com\/index.php\/wp-json\/wp\/v2\/media\/36016"}],"wp:attachment":[{"href":"https:\/\/todoapulmon-rafaela.com\/index.php\/wp-json\/wp\/v2\/media?parent=36003"}],"wp:term":[{"taxonomy":"category","embeddable":true,"href":"https:\/\/todoapulmon-rafaela.com\/index.php\/wp-json\/wp\/v2\/categories?post=36003"},{"taxonomy":"post_tag","embeddable":true,"href":"https:\/\/todoapulmon-rafaela.com\/index.php\/wp-json\/wp\/v2\/tags?post=36003"}],"curies":[{"name":"wp","href":"https:\/\/api.w.org\/{rel}","templated":true}]}}