{"id":35999,"date":"2022-11-14T12:58:46","date_gmt":"2022-11-14T12:58:46","guid":{"rendered":"https:\/\/todoapulmon-rafaela.com\/?p=35999"},"modified":"2022-11-14T12:59:25","modified_gmt":"2022-11-14T12:59:25","slug":"35999","status":"publish","type":"post","link":"https:\/\/todoapulmon-rafaela.com\/index.php\/2022\/11\/14\/35999\/","title":{"rendered":"Adri\u00e1n Della Torre es secretario de FACPyR"},"content":{"rendered":"<p>El jueves 10 de noviembre, en Moto Club de la ciudad de Mar del Plata, y bajo la supervisi\u00f3n de un escribano p\u00fablico, se realiz\u00f3 la Asamblea General de la Facpyr (Federaci\u00f3n Argentina de Ciclismo de Pista y Ruta). En la misma se llevaron a cabo las elecciones. Con una totalidad de 25 adhesiones y 21 federaciones presentes, se decidi\u00f3 por unanimidad la renovaci\u00f3n del mandato que tiene a Marcelo Lanzi como presidente, y de cuya lista y equipo de trabajo forman parte 14 presidentes de las asociaciones.<\/p>\n<p>Cabe mencionar que ocupa el cargo de secretario el rafaelino Adri\u00e1n Della Torre.<\/p>\n<p>Las autoridades de Facpyr y sus respectivos cargos quedaron conformados de la siguiente manera:<\/p>\n<p><strong>Presidente<\/strong>: Marcelo Eduardo Lanzi (CABA)<\/p>\n<p><strong>Vicepresidente<\/strong>: Juan Jos\u00e9 Chica (San Juan)<\/p>\n<p><strong>Secretario<\/strong>: Adri\u00e1n Della Torre (Rafaela, Santa Fe)<\/p>\n<p><strong>Prosecretario<\/strong>: Ricardo Rodr\u00edguez (Moreno, Buenos Aires)<\/p>\n<p><strong>Tesorero<\/strong>: Maria Eugenia Silva Posadas Misiones<\/p>\n<p><strong>Pro tesorero<\/strong>: Catalina Mandarino (Buenos Aires)<\/p>\n<p><strong>Vocales<\/strong>: Gabriel Ovidio Curuchet (Mar del Plata, Buenos Aires); Raul Ricardo Alanis (Catamarca); Daniel Caravias (San Luis); Fernando Lanzone (Mendoza); Fernando Lopez (CABA).<\/p>\n<p><strong>Revisores de Cuentas<\/strong>: Gaston Brandam (Jun\u00edn) y Juan Carlos Galeno (Formosa). Suplentes: Carlos Guerrero (La Pampa) y Hector Loscalzo (Mar del Plata, Buenos Aires).<\/p>\n","protected":false},"excerpt":{"rendered":"<p>El jueves 10 de noviembre, en Moto Club de la ciudad de Mar del Plata, y bajo la supervisi\u00f3n de<\/p>\n","protected":false},"author":2,"featured_media":36000,"comment_status":"closed","ping_status":"closed","sticky":false,"template":"","format":"standard","meta":{"footnotes":""},"categories":[4],"tags":[],"class_list":["post-35999","post","type-post","status-publish","format-standard","has-post-thumbnail","hentry","category-ciclismo"],"cc_featured_image_caption":{"caption_text":"La dirigencia del ciclismo argentino tras la Asamblea (foto FACPyR).","source_text":"","source_url":""},"_links":{"self":[{"href":"https:\/\/todoapulmon-rafaela.com\/index.php\/wp-json\/wp\/v2\/posts\/35999"}],"collection":[{"href":"https:\/\/todoapulmon-rafaela.com\/index.php\/wp-json\/wp\/v2\/posts"}],"about":[{"href":"https:\/\/todoapulmon-rafaela.com\/index.php\/wp-json\/wp\/v2\/types\/post"}],"author":[{"embeddable":true,"href":"https:\/\/todoapulmon-rafaela.com\/index.php\/wp-json\/wp\/v2\/users\/2"}],"replies":[{"embeddable":true,"href":"https:\/\/todoapulmon-rafaela.com\/index.php\/wp-json\/wp\/v2\/comments?post=35999"}],"version-history":[{"count":2,"href":"https:\/\/todoapulmon-rafaela.com\/index.php\/wp-json\/wp\/v2\/posts\/35999\/revisions"}],"predecessor-version":[{"id":36002,"href":"https:\/\/todoapulmon-rafaela.com\/index.php\/wp-json\/wp\/v2\/posts\/35999\/revisions\/36002"}],"wp:featuredmedia":[{"embeddable":true,"href":"https:\/\/todoapulmon-rafaela.com\/index.php\/wp-json\/wp\/v2\/media\/36000"}],"wp:attachment":[{"href":"https:\/\/todoapulmon-rafaela.com\/index.php\/wp-json\/wp\/v2\/media?parent=35999"}],"wp:term":[{"taxonomy":"category","embeddable":true,"href":"https:\/\/todoapulmon-rafaela.com\/index.php\/wp-json\/wp\/v2\/categories?post=35999"},{"taxonomy":"post_tag","embeddable":true,"href":"https:\/\/todoapulmon-rafaela.com\/index.php\/wp-json\/wp\/v2\/tags?post=35999"}],"curies":[{"name":"wp","href":"https:\/\/api.w.org\/{rel}","templated":true}]}}