{"id":3591,"date":"2016-11-13T13:22:53","date_gmt":"2016-11-13T13:22:53","guid":{"rendered":"http:\/\/todoapulmon-rafaela.com\/?p=3591"},"modified":"2016-11-13T13:22:53","modified_gmt":"2016-11-13T13:22:53","slug":"santa-fe-no-pudo-ante-nordeste","status":"publish","type":"post","link":"https:\/\/todoapulmon-rafaela.com\/index.php\/2016\/11\/13\/santa-fe-no-pudo-ante-nordeste\/","title":{"rendered":"Santa Fe no pudo ante Nordeste"},"content":{"rendered":"<div class=\"_2cuy _3dgx _2vxa\"><span class=\"_4yxp\">El seleccionado santafesino de rugby cay\u00f3 frente a su par de Nordeste por 39 a 22 y cedi\u00f3 la punta en el duelo de invictos, disputado este s\u00e1bado en cancha de La Salle, en la capital provincial, por la tercera fecha del Ascenso A en el Campeonato Argentino de Uniones. Santa Fe se ubica en la tercera colocaci\u00f3n por detr\u00e1s de su vencedor, que adem\u00e1s es el \u00fanico que no fue derrotado en el grupo, y Mar del Plata, al que enfrentar\u00e1 la pr\u00f3xima semana.<\/span><\/div>\n<div class=\"_2cuy _3dgx _2vxa\">Fueron titulares en el elenco de la USR los jugadores de CRAR, Franco Davicino, Juan Imvinkelried y Pablo Villar, mientras que en el segundo tiempo ingresaron Mayco Vivas, Nicol\u00e1s Guti\u00e9rrez y Mat\u00edas Rocchi.<\/div>\n<div class=\"_2cuy _3dgx _2vxa\"><\/div>\n<div class=\"_2cuy _3dgx _2vxa\">SANTA FE 22 &#8211; NORDESTE 39<\/div>\n<div class=\"_2cuy _3dgx _2vxa\"><span class=\"_4yxo\">Santa Fe:<\/span> Jos\u00e9 Canuto (Nicol\u00e1s Guti\u00e9rrez), Pedro Marozzi, Gonzalo Del Pazo (Mayco Vivas), Juan Imvinkelried, Franco Davincino (Jos\u00e9 G\u00e1lvez), Jos\u00e9 Dogliani (Joaqu\u00edn Alonso), Gonzalo \u00c1lvarez (Mat\u00edas Rocchi), Tom\u00e1s Longo, Estanislao Bay (Alejandro Molinas), Pablo Villar (C\u00e9sar Grosso), Tomas Kerz, Ezequiel Ben\u00edtez, Ian Sbisa (Gonzalo Gal\u00e1n), Mart\u00edn Visuara y Leandro Rivero.<\/div>\n<div class=\"_2cuy _3dgx _2vxa\"><span class=\"_4yxo\">Nordeste:<\/span> Lucas Favre (Juan Zabala), Valent\u00edn Romero, V\u00edctor Galarza (Fernando L\u00f3pez), Francisco Cadenas (Sebasti\u00e1n Bonilla), Gonzalo Cinat, \u00c1lvaro Biscay (Lucas Aristide), Alejandro Santill\u00e1n, Carlos G\u00f3nzalez Bambula, Bruno Broll (Juan Salgado), Tom\u00e1s Carri\u00f3, Joaqu\u00edn Catalina, Mart\u00edn Moncada, Julio Pineda, Camilo Schant\u00f3n y Lisandro Pedretti.<\/div>\n<div class=\"_2cuy _3dgx _2vxa\"><span class=\"_4yxo\">Puntos de Santa Fe:<\/span> Tries de Canuto, Bay y Kerz; quien adem\u00e1s sum\u00f3 dos conversiones y un penal.<\/div>\n<div class=\"_2cuy _3dgx _2vxa\"><span class=\"_4yxo\">Puntos Nordeste:<\/span> Tries de Gonz\u00e1lez Bambula (3), Bruno Broll y Fernando L\u00f3pez; cuatro conversiones y dos penales de Tom\u00e1s Carri\u00f3.<\/div>\n<div class=\"_2cuy _3dgx _2vxa\"><span class=\"_4yxo\">Amonestados en Santa Fe:<\/span> Gonzalo Del Pazo y Pedro Marozzi.<\/div>\n<div class=\"_2cuy _3dgx _2vxa\"><span class=\"_4yxo\">Expulsado en Santa Fe:<\/span> Pedro Marozzi.<\/div>\n<div class=\"_2cuy _3dgx _2vxa\"><span class=\"_4yxo\">\u00c1rbitro:<\/span> Juan G\u00f3mez (UAR).<\/div>\n<div class=\"_2cuy _3dgx _2vxa\"><\/div>\n<div class=\"_2cuy _3dgx _2vxa\">RESUMEN DE LA FECHA<\/div>\n<div class=\"_2cuy _3dgx _2vxa\">Estos fueron los resultados: Zona Campeonato, Salta 35 &#8211; C\u00f3rdoba 28; Rosario 15 &#8211; Cuyo 40 y Buenos Aires 24 &#8211; Tucum\u00e1n 20.<br \/>\n<strong>Posiciones:<\/strong> Cuyo 11; Buenos Aires 10; Salta 9; C\u00f3rdoba y Tucum\u00e1n 6, Rosario 1.<br \/>\n<strong>Pr\u00f3xima fecha:<\/strong> C\u00f3rdoba-Cuyo, Tucum\u00e1n-Salta, Rosario-Buenos Aires.<br \/>\n<strong>Zona Ascenso A:<\/strong> Sur 13 &#8211; Entre R\u00edos 38; Mar del Plata 24 &#8211; Alto Valle 10 y Santa Fe 22 &#8211; Nordeste 39.<br \/>\n<strong>Posiciones:<\/strong> Nordeste 14; Mar del Plata 10, Entre R\u00edos y Santa Fe 9, Alto Valle 1, Sur 0.<br \/>\n<strong>Pr\u00f3xima fecha:<\/strong> Entre R\u00edos-Alto Valle, Nordeste-Sur, Mar del Plata-Santa Fe.<br \/>\n<strong>Zona Ascenso B:<\/strong> Lagos 3 &#8211; Uruguay 45; San Juan 34 &#8211; Chubut 33; Santiago del Estero 29 &#8211; UROBA 31.<br \/>\n<strong>Posiciones:<\/strong> Uruguay 15, San Juan y Chubut 9, Santiago del Estero 6, UROBA 5, Lagos 0.<br \/>\nPr\u00f3xima fecha: Lagos-Uruguay, San Juan-Chubut, Santiago del Estero-UROBA.<\/div>\n","protected":false},"excerpt":{"rendered":"<p>El seleccionado santafesino de rugby cay\u00f3 frente a su par de Nordeste por 39 a 22 y cedi\u00f3 la punta<\/p>\n","protected":false},"author":2,"featured_media":3598,"comment_status":"open","ping_status":"open","sticky":false,"template":"","format":"standard","meta":{"footnotes":""},"categories":[24,2],"tags":[],"class_list":["post-3591","post","type-post","status-publish","format-standard","has-post-thumbnail","hentry","category-noticias-destacadas","category-rugby"],"cc_featured_image_caption":{"caption_text":"Santa Fe sufri\u00f3 una derrota que lo complica (foto archivo prensa USR).","source_text":"","source_url":""},"_links":{"self":[{"href":"https:\/\/todoapulmon-rafaela.com\/index.php\/wp-json\/wp\/v2\/posts\/3591"}],"collection":[{"href":"https:\/\/todoapulmon-rafaela.com\/index.php\/wp-json\/wp\/v2\/posts"}],"about":[{"href":"https:\/\/todoapulmon-rafaela.com\/index.php\/wp-json\/wp\/v2\/types\/post"}],"author":[{"embeddable":true,"href":"https:\/\/todoapulmon-rafaela.com\/index.php\/wp-json\/wp\/v2\/users\/2"}],"replies":[{"embeddable":true,"href":"https:\/\/todoapulmon-rafaela.com\/index.php\/wp-json\/wp\/v2\/comments?post=3591"}],"version-history":[{"count":2,"href":"https:\/\/todoapulmon-rafaela.com\/index.php\/wp-json\/wp\/v2\/posts\/3591\/revisions"}],"predecessor-version":[{"id":3599,"href":"https:\/\/todoapulmon-rafaela.com\/index.php\/wp-json\/wp\/v2\/posts\/3591\/revisions\/3599"}],"wp:featuredmedia":[{"embeddable":true,"href":"https:\/\/todoapulmon-rafaela.com\/index.php\/wp-json\/wp\/v2\/media\/3598"}],"wp:attachment":[{"href":"https:\/\/todoapulmon-rafaela.com\/index.php\/wp-json\/wp\/v2\/media?parent=3591"}],"wp:term":[{"taxonomy":"category","embeddable":true,"href":"https:\/\/todoapulmon-rafaela.com\/index.php\/wp-json\/wp\/v2\/categories?post=3591"},{"taxonomy":"post_tag","embeddable":true,"href":"https:\/\/todoapulmon-rafaela.com\/index.php\/wp-json\/wp\/v2\/tags?post=3591"}],"curies":[{"name":"wp","href":"https:\/\/api.w.org\/{rel}","templated":true}]}}