{"id":35868,"date":"2022-11-09T15:04:19","date_gmt":"2022-11-09T15:04:19","guid":{"rendered":"https:\/\/todoapulmon-rafaela.com\/?p=35868"},"modified":"2022-11-09T15:04:19","modified_gmt":"2022-11-09T15:04:19","slug":"emilia-acosta-al-sudamericano-de-gimnasia-en-ecuador","status":"publish","type":"post","link":"https:\/\/todoapulmon-rafaela.com\/index.php\/2022\/11\/09\/emilia-acosta-al-sudamericano-de-gimnasia-en-ecuador\/","title":{"rendered":"Emilia Acosta al Sudamericano de Gimnasia en Ecuador"},"content":{"rendered":"<p>La gimnasta rafaelina Emilia Acosta ya se encuentra en Ecuador donde integra el equipo argentino de la categor\u00eda juvenil que participa del Sudamericano de gimnasia art\u00edstica, que comenz\u00f3 ayer y culminar\u00e1 el 14 de noviembre. La ciudad sede del importante evento es Guayaquil.<\/p>\n<p>La representante de gimnasio CREAR de nuestra ciudad viaj\u00f3 acompa\u00f1ada por su entrenador, V\u00edctor Ingaramo. Estar\u00e1 tomando parte de las competencias el d\u00eda viernes en la categor\u00eda juvenil AC4 con ejercicios obligatorios, mientras que el domingo lo har\u00e1 con ejercicios libres, all around y final por aparato. Emilia y V\u00edctor fueron notificados en los \u00faltimos d\u00edas de la convocatoria oficial, a partir de los buenos resultados obtenidos en el selectivo realizado hace algunas semanas.<\/p>\n<p><img loading=\"lazy\" decoding=\"async\" class=\"alignnone size-full wp-image-35870\" src=\"https:\/\/todoapulmon-rafaela.com\/wp-content\/uploads\/2022\/11\/Acosta-promesa-paname-1.jpg\" alt=\"\" width=\"1200\" height=\"1600\" srcset=\"https:\/\/todoapulmon-rafaela.com\/wp-content\/uploads\/2022\/11\/Acosta-promesa-paname-1.jpg 1200w, https:\/\/todoapulmon-rafaela.com\/wp-content\/uploads\/2022\/11\/Acosta-promesa-paname-1-225x300.jpg 225w, https:\/\/todoapulmon-rafaela.com\/wp-content\/uploads\/2022\/11\/Acosta-promesa-paname-1-1125x1500.jpg 1125w, https:\/\/todoapulmon-rafaela.com\/wp-content\/uploads\/2022\/11\/Acosta-promesa-paname-1-1152x1536.jpg 1152w\" sizes=\"(max-width: 1200px) 100vw, 1200px\" \/><\/p>\n<p>Cabe acotar que este es el segundo a\u00f1o en que una alumna de CREAR logra competir a nivel internacional, ya que el a\u00f1o pasado Magdalena Gaido lo hizo en los Juegos Panamericanos Juveniles en Cali, Colombia.<\/p>\n<p>&nbsp;<\/p>\n","protected":false},"excerpt":{"rendered":"<p>La gimnasta rafaelina Emilia Acosta ya se encuentra en Ecuador donde integra el equipo argentino de la categor\u00eda juvenil que<\/p>\n","protected":false},"author":2,"featured_media":35869,"comment_status":"closed","ping_status":"closed","sticky":false,"template":"","format":"standard","meta":{"footnotes":""},"categories":[24],"tags":[],"class_list":["post-35868","post","type-post","status-publish","format-standard","has-post-thumbnail","hentry","category-noticias-destacadas"],"cc_featured_image_caption":{"caption_text":"","source_text":"","source_url":""},"_links":{"self":[{"href":"https:\/\/todoapulmon-rafaela.com\/index.php\/wp-json\/wp\/v2\/posts\/35868"}],"collection":[{"href":"https:\/\/todoapulmon-rafaela.com\/index.php\/wp-json\/wp\/v2\/posts"}],"about":[{"href":"https:\/\/todoapulmon-rafaela.com\/index.php\/wp-json\/wp\/v2\/types\/post"}],"author":[{"embeddable":true,"href":"https:\/\/todoapulmon-rafaela.com\/index.php\/wp-json\/wp\/v2\/users\/2"}],"replies":[{"embeddable":true,"href":"https:\/\/todoapulmon-rafaela.com\/index.php\/wp-json\/wp\/v2\/comments?post=35868"}],"version-history":[{"count":1,"href":"https:\/\/todoapulmon-rafaela.com\/index.php\/wp-json\/wp\/v2\/posts\/35868\/revisions"}],"predecessor-version":[{"id":35871,"href":"https:\/\/todoapulmon-rafaela.com\/index.php\/wp-json\/wp\/v2\/posts\/35868\/revisions\/35871"}],"wp:featuredmedia":[{"embeddable":true,"href":"https:\/\/todoapulmon-rafaela.com\/index.php\/wp-json\/wp\/v2\/media\/35869"}],"wp:attachment":[{"href":"https:\/\/todoapulmon-rafaela.com\/index.php\/wp-json\/wp\/v2\/media?parent=35868"}],"wp:term":[{"taxonomy":"category","embeddable":true,"href":"https:\/\/todoapulmon-rafaela.com\/index.php\/wp-json\/wp\/v2\/categories?post=35868"},{"taxonomy":"post_tag","embeddable":true,"href":"https:\/\/todoapulmon-rafaela.com\/index.php\/wp-json\/wp\/v2\/tags?post=35868"}],"curies":[{"name":"wp","href":"https:\/\/api.w.org\/{rel}","templated":true}]}}