{"id":35788,"date":"2022-11-07T11:10:36","date_gmt":"2022-11-07T11:10:36","guid":{"rendered":"https:\/\/todoapulmon-rafaela.com\/?p=35788"},"modified":"2022-11-07T11:24:43","modified_gmt":"2022-11-07T11:24:43","slug":"destacada-performance-de-scozzina-y-mehring-en-aguas-abiertas","status":"publish","type":"post","link":"https:\/\/todoapulmon-rafaela.com\/index.php\/2022\/11\/07\/destacada-performance-de-scozzina-y-mehring-en-aguas-abiertas\/","title":{"rendered":"Destacada performance de Scozzina y Mehring en aguas abiertas"},"content":{"rendered":"<p>Este fin de semana se desarroll\u00f3 en Paran\u00e1 una traves\u00eda de aguas abiertas de 15 kil\u00f3metros de recorrido, en la cual participaron nadadores rafaelinos con meritorias performances. La misma fue organizada por \u201cIntegraci\u00f3n Deportiva &#8211; Asociaci\u00f3n Civil\u201d (IDAC).<\/p>\n<p>Pablo Scozzina logr\u00f3 el segundo puesto en la clasificaci\u00f3n general con un tiempo de 1h43m y Germ\u00e1n Mehring el quinto en 1h49m, acotando que ambos nadadores desarrollan su entrenamiento durante el a\u00f1o en Natatorio Amancay.<\/p>\n<p><img loading=\"lazy\" decoding=\"async\" class=\"alignnone size-full wp-image-35790\" src=\"https:\/\/todoapulmon-rafaela.com\/wp-content\/uploads\/2022\/11\/Aguas-Abiertas-rafaelinos.jpg\" alt=\"\" width=\"1599\" height=\"899\" srcset=\"https:\/\/todoapulmon-rafaela.com\/wp-content\/uploads\/2022\/11\/Aguas-Abiertas-rafaelinos.jpg 1599w, https:\/\/todoapulmon-rafaela.com\/wp-content\/uploads\/2022\/11\/Aguas-Abiertas-rafaelinos-300x169.jpg 300w, https:\/\/todoapulmon-rafaela.com\/wp-content\/uploads\/2022\/11\/Aguas-Abiertas-rafaelinos-1536x864.jpg 1536w\" sizes=\"(max-width: 1599px) 100vw, 1599px\" \/><\/p>\n<p>Por otra parte, se desarroll\u00f3 una prueba recreativa de tres kil\u00f3metros denominada marat\u00f3n kids, para quienes se inician en aguas abiertas y all\u00ed compiti\u00f3 Ignacio Scozzina, sumando sus primeras experiencias en esta modalidad de nataci\u00f3n.<\/p>\n<p>&nbsp;<\/p>\n","protected":false},"excerpt":{"rendered":"<p>Este fin de semana se desarroll\u00f3 en Paran\u00e1 una traves\u00eda de aguas abiertas de 15 kil\u00f3metros de recorrido, en la<\/p>\n","protected":false},"author":2,"featured_media":35789,"comment_status":"closed","ping_status":"closed","sticky":false,"template":"","format":"standard","meta":{"footnotes":""},"categories":[26,24],"tags":[],"class_list":["post-35788","post","type-post","status-publish","format-standard","has-post-thumbnail","hentry","category-natacion","category-noticias-destacadas"],"cc_featured_image_caption":{"caption_text":"Pablo Scozzina y Germ\u00e1n Mehring con los trofeos obtenidos en Paran\u00e1.","source_text":"","source_url":""},"_links":{"self":[{"href":"https:\/\/todoapulmon-rafaela.com\/index.php\/wp-json\/wp\/v2\/posts\/35788"}],"collection":[{"href":"https:\/\/todoapulmon-rafaela.com\/index.php\/wp-json\/wp\/v2\/posts"}],"about":[{"href":"https:\/\/todoapulmon-rafaela.com\/index.php\/wp-json\/wp\/v2\/types\/post"}],"author":[{"embeddable":true,"href":"https:\/\/todoapulmon-rafaela.com\/index.php\/wp-json\/wp\/v2\/users\/2"}],"replies":[{"embeddable":true,"href":"https:\/\/todoapulmon-rafaela.com\/index.php\/wp-json\/wp\/v2\/comments?post=35788"}],"version-history":[{"count":3,"href":"https:\/\/todoapulmon-rafaela.com\/index.php\/wp-json\/wp\/v2\/posts\/35788\/revisions"}],"predecessor-version":[{"id":35793,"href":"https:\/\/todoapulmon-rafaela.com\/index.php\/wp-json\/wp\/v2\/posts\/35788\/revisions\/35793"}],"wp:featuredmedia":[{"embeddable":true,"href":"https:\/\/todoapulmon-rafaela.com\/index.php\/wp-json\/wp\/v2\/media\/35789"}],"wp:attachment":[{"href":"https:\/\/todoapulmon-rafaela.com\/index.php\/wp-json\/wp\/v2\/media?parent=35788"}],"wp:term":[{"taxonomy":"category","embeddable":true,"href":"https:\/\/todoapulmon-rafaela.com\/index.php\/wp-json\/wp\/v2\/categories?post=35788"},{"taxonomy":"post_tag","embeddable":true,"href":"https:\/\/todoapulmon-rafaela.com\/index.php\/wp-json\/wp\/v2\/tags?post=35788"}],"curies":[{"name":"wp","href":"https:\/\/api.w.org\/{rel}","templated":true}]}}