{"id":35743,"date":"2022-11-05T23:56:24","date_gmt":"2022-11-05T23:56:24","guid":{"rendered":"https:\/\/todoapulmon-rafaela.com\/?p=35743"},"modified":"2022-11-05T23:56:24","modified_gmt":"2022-11-05T23:56:24","slug":"crar-y-9-de-julio-finalistas-en-sub-16","status":"publish","type":"post","link":"https:\/\/todoapulmon-rafaela.com\/index.php\/2022\/11\/05\/crar-y-9-de-julio-finalistas-en-sub-16\/","title":{"rendered":"CRAR y 9 de Julio finalistas en Sub 16"},"content":{"rendered":"<p style=\"font-weight: 400\">CRAR y 9 de Julio se clasificaron este s\u00e1bado para la final del torneo de la categor\u00eda Sub 16 Zona Rafaela de la Federaci\u00f3n del Oeste Santafesino de Hockey sobre C\u00e9sped.<\/p>\n<p style=\"font-weight: 400\">En las semifinales disputadas en Humboldt, los equipos rafaelinos dejaron en el camino al anfitri\u00f3n Sarmiento y Charabones de San Francisco, respectivamente.<\/p>\n<p style=\"font-weight: 400\">Ambos duelos fueron muy parejos. De hecho CRAR empat\u00f3 los dos partidos, el primero 1 a 1 con gol de Maitena Dubas y el segundo 2 a 2, tantos de la misma Maitena Dubas y Emilia Audisio.<\/p>\n<p style=\"font-weight: 400\">Asi fueron a los penales australianos donde el equipo verde y blanco gan\u00f3 por penales con una gran tarea de la arquera Morena Hern\u00e1ndez, que ataj\u00f3 cuatro remates. Volvieron a convertir Dubas y Audisio para la victoria por esa v\u00eda.<\/p>\n<figure id=\"attachment_35745\" aria-describedby=\"caption-attachment-35745\" style=\"width: 540px\" class=\"wp-caption alignnone\"><img loading=\"lazy\" decoding=\"async\" class=\"size-full wp-image-35745\" src=\"https:\/\/todoapulmon-rafaela.com\/wp-content\/uploads\/2022\/11\/IMG-20221105-WA0007.jpg\" alt=\"\" width=\"540\" height=\"360\" srcset=\"https:\/\/todoapulmon-rafaela.com\/wp-content\/uploads\/2022\/11\/IMG-20221105-WA0007.jpg 540w, https:\/\/todoapulmon-rafaela.com\/wp-content\/uploads\/2022\/11\/IMG-20221105-WA0007-300x200.jpg 300w\" sizes=\"(max-width: 540px) 100vw, 540px\" \/><figcaption id=\"caption-attachment-35745\" class=\"wp-caption-text\">El equipo Sub 16 de 9 de Julio.<\/figcaption><\/figure>\n<p style=\"font-weight: 400\">Por su parte, las julienses cayeron en el primer partido 1 a 0 y luego se impusieron en el segundo por 2 a 0 para abrochar la clasificaci\u00f3n. Los tantos fueron de Margarita Aversa y Morena Breckes.<\/p>\n<p style=\"font-weight: 400\">La gran final se jugar\u00e1 el 20 de noviembre en CRAR, junto a las restantes categor\u00edas de la Regi\u00f3n Rafaela.<\/p>\n","protected":false},"excerpt":{"rendered":"<p>CRAR y 9 de Julio se clasificaron este s\u00e1bado para la final del torneo de la categor\u00eda Sub 16 Zona<\/p>\n","protected":false},"author":2,"featured_media":35744,"comment_status":"closed","ping_status":"closed","sticky":false,"template":"","format":"standard","meta":{"footnotes":""},"categories":[3,24],"tags":[],"class_list":["post-35743","post","type-post","status-publish","format-standard","has-post-thumbnail","hentry","category-hockey","category-noticias-destacadas"],"cc_featured_image_caption":{"caption_text":"El equipo de CRAR sub 16.","source_text":"","source_url":""},"_links":{"self":[{"href":"https:\/\/todoapulmon-rafaela.com\/index.php\/wp-json\/wp\/v2\/posts\/35743"}],"collection":[{"href":"https:\/\/todoapulmon-rafaela.com\/index.php\/wp-json\/wp\/v2\/posts"}],"about":[{"href":"https:\/\/todoapulmon-rafaela.com\/index.php\/wp-json\/wp\/v2\/types\/post"}],"author":[{"embeddable":true,"href":"https:\/\/todoapulmon-rafaela.com\/index.php\/wp-json\/wp\/v2\/users\/2"}],"replies":[{"embeddable":true,"href":"https:\/\/todoapulmon-rafaela.com\/index.php\/wp-json\/wp\/v2\/comments?post=35743"}],"version-history":[{"count":1,"href":"https:\/\/todoapulmon-rafaela.com\/index.php\/wp-json\/wp\/v2\/posts\/35743\/revisions"}],"predecessor-version":[{"id":35746,"href":"https:\/\/todoapulmon-rafaela.com\/index.php\/wp-json\/wp\/v2\/posts\/35743\/revisions\/35746"}],"wp:featuredmedia":[{"embeddable":true,"href":"https:\/\/todoapulmon-rafaela.com\/index.php\/wp-json\/wp\/v2\/media\/35744"}],"wp:attachment":[{"href":"https:\/\/todoapulmon-rafaela.com\/index.php\/wp-json\/wp\/v2\/media?parent=35743"}],"wp:term":[{"taxonomy":"category","embeddable":true,"href":"https:\/\/todoapulmon-rafaela.com\/index.php\/wp-json\/wp\/v2\/categories?post=35743"},{"taxonomy":"post_tag","embeddable":true,"href":"https:\/\/todoapulmon-rafaela.com\/index.php\/wp-json\/wp\/v2\/tags?post=35743"}],"curies":[{"name":"wp","href":"https:\/\/api.w.org\/{rel}","templated":true}]}}