{"id":3569,"date":"2016-11-10T17:17:29","date_gmt":"2016-11-10T17:17:29","guid":{"rendered":"http:\/\/todoapulmon-rafaela.com\/?p=3569"},"modified":"2016-11-10T17:17:29","modified_gmt":"2016-11-10T17:17:29","slug":"nuestros-atletas-listos-para-el-sudamericano-u18","status":"publish","type":"post","link":"https:\/\/todoapulmon-rafaela.com\/index.php\/2016\/11\/10\/nuestros-atletas-listos-para-el-sudamericano-u18\/","title":{"rendered":"Nuestros atletas listos para el Sudamericano U18"},"content":{"rendered":"<p>Este s\u00e1bado y domingo se realizar\u00e1 en Concordia el campeonato Sudamericano U18 de atletismo. La 23a. edici\u00f3n del certamen tendr\u00e1 como sede la pista sint\u00e9tica inaugurada un a\u00f1o atr\u00e1s en el Centro de Desarrollo Deportivo. Se trata de la cuarta vez que la Argentina organiza esta competici\u00f3n -antes conocida como Torneo o Campeonato de Menores- que se inici\u00f3 justamente en Comodoro Rivadavia (1973) por impulso de Eduardo Bernal, que volvi\u00f3 a dicha ciudad trece a\u00f1os m\u00e1s tarde y que en 2012 se realiz\u00f3 en Mendoza.<\/p>\n<p>Por estos Campeonatos hicieron sus primeras armas atletas que luego alcanzaron la gloria ol\u00edmpica como el brasile\u00f1o Joaquim Carvalho Cruz y el ecuatoriano Jefferson P\u00e9rez. En esta oportunidad, y en un acontecimiento hist\u00f3rico para el atletismo rafaelino, habr\u00e1 cuatro atletas representantes del Centro de Educaci\u00f3n F\u00edsica N\u00ba 53: Jemina Acevedo (lanzamiento de bala y disco), Celina Harte (salto en alto), Juan Campos y Camila Real (marcha). Los mencionados viajaron el martes con los entrenadores Enrique Aguirre y Ariel Magallanes, y se encuentran alojados junto al resto del equipo nacional, y de las distintas delegaciones, en un complejo termal de los alrededores de dicha ciudad.<\/p>\n<p>En la previa de las participaciones de nuestros representantes, estos son los datos a tener en cuenta:<\/p>\n<p><strong>Juan Campos:<\/strong> en la prueba de 10km. marcha aparecen 9 inscriptos. El mejor registro de la lista es para el colombiano C\u00e9sar Herrera Cortez con 42m28s99, seguido por su compatriota Sebasti\u00e1n Merchan Sarmiento con 43m19s03. El rafaelino est\u00e1 octavo con el tiempo de ingreso, 55m24s98. Noveno figura el otro argentino Pablo Guantay.<\/p>\n<p>En la gu\u00eda de estas marcas, acotando adem\u00e1s que Campos es nacido en diciembre de 2000 y tiene casi dos a\u00f1os menos que Herrera Cortez (enero de 1999), el principal objetivo pasar\u00e1 por bajar su tiempo y tratar de terminar la competencia, disfrutando al m\u00e1ximo estar en un evento internacional. Su prueba est\u00e1 prevista para el domingo a las 8.30.<\/p>\n<p><strong>Celina Harte:<\/strong> en el salto en alto femenino del torneo tambi\u00e9n hay nueve inscripciones. La oriunda de San Jorge llega con su mejor marca de 1m65. En la prueba hay una figura excluyente que es la colombiana Mar\u00eda Fernanda Murillo Duarte, con antecedente de 1m83. Pero luego reci\u00e9n a 10 cm. le sigue su compatriota Susan Ca\u00f1averal Bastidas.<\/p>\n<p>Esto implica que un buen d\u00eda para Celina, aspirando a mejorar unos cent\u00edmetros su registro, y viendo c\u00f3mo se da la prueba para el resto de los protagonistas, pueda darle alguna chance de ilusionarse con el podio. El domingo a las 10.30 est\u00e1 prevista la prueba.<\/p>\n<p><strong>Jemina Acevedo:<\/strong> En el listado previo aparece como la mejor ubicada de nuestra delegaci\u00f3n para este Sudamericano. Entra al lanzamiento de la bala con la cuarta mejor marca, 13m74.<\/p>\n<p>Son diez las anotadas con la chilena Dayna Toledo al tope, con 16m36, 22 cm. m\u00e1s que la brasile\u00f1a Gleice Stefanie de Castro. La tercera y potencial rival en la aspiraci\u00f3n de Jemina de subir al podio es la ecuatoriana Fernanda Olgu\u00edn que ingresa con 14m86, poco m\u00e1s de un metro que la rafaelina. La competencia est\u00e1 programada para el s\u00e1bado a las 18.20.<\/p>\n<p>Acevedo, en cuanto a disco, est\u00e1 quinta en el listado previo entre tambi\u00e9n nueve protagonistas inscriptas, con 39m23 como antecedente. Aqu\u00ed el ranking sudamericano para el torneo lo encabeza la brasile\u00f1a Valquiria Aparecida Meurer con 47m88. No obstante, la tercera -Dahiana L\u00f3pez, de Uruguay- tiene como marca de ingreso 40m33, no tan arriba de los n\u00fameros de Jemina. Esta prueba es una de las que cierra el torneo, el domingo a las 18.25.<\/p>\n<p><strong>Camila Real:<\/strong> es la m\u00e1s joven entre las 11 marchistas de la prueba 5km. anotadas, con flamantes 15 a\u00f1os. Su tiempo de ingreso es de 27m48s39. La \u00ab1\u00bb en la lista previa es ecuatoriana, Kimberly Revelo, con un tiempo de 23m51s. La competencia est\u00e1 programada para el s\u00e1bado a las 8.15.<\/p>\n<p>&nbsp;<\/p>\n","protected":false},"excerpt":{"rendered":"<p>Este s\u00e1bado y domingo se realizar\u00e1 en Concordia el campeonato Sudamericano U18 de atletismo. La 23a. edici\u00f3n del certamen tendr\u00e1<\/p>\n","protected":false},"author":2,"featured_media":3570,"comment_status":"open","ping_status":"open","sticky":false,"template":"","format":"standard","meta":{"footnotes":""},"categories":[7,24],"tags":[],"class_list":["post-3569","post","type-post","status-publish","format-standard","has-post-thumbnail","hentry","category-atletismo","category-noticias-destacadas"],"cc_featured_image_caption":{"caption_text":"Enrique Aguirre, Jemina Acevedo, Juan Campos, Celina Harte, Camila Real y Ariel Magallanes (foto CEF 53).","source_text":"","source_url":""},"_links":{"self":[{"href":"https:\/\/todoapulmon-rafaela.com\/index.php\/wp-json\/wp\/v2\/posts\/3569"}],"collection":[{"href":"https:\/\/todoapulmon-rafaela.com\/index.php\/wp-json\/wp\/v2\/posts"}],"about":[{"href":"https:\/\/todoapulmon-rafaela.com\/index.php\/wp-json\/wp\/v2\/types\/post"}],"author":[{"embeddable":true,"href":"https:\/\/todoapulmon-rafaela.com\/index.php\/wp-json\/wp\/v2\/users\/2"}],"replies":[{"embeddable":true,"href":"https:\/\/todoapulmon-rafaela.com\/index.php\/wp-json\/wp\/v2\/comments?post=3569"}],"version-history":[{"count":1,"href":"https:\/\/todoapulmon-rafaela.com\/index.php\/wp-json\/wp\/v2\/posts\/3569\/revisions"}],"predecessor-version":[{"id":3571,"href":"https:\/\/todoapulmon-rafaela.com\/index.php\/wp-json\/wp\/v2\/posts\/3569\/revisions\/3571"}],"wp:featuredmedia":[{"embeddable":true,"href":"https:\/\/todoapulmon-rafaela.com\/index.php\/wp-json\/wp\/v2\/media\/3570"}],"wp:attachment":[{"href":"https:\/\/todoapulmon-rafaela.com\/index.php\/wp-json\/wp\/v2\/media?parent=3569"}],"wp:term":[{"taxonomy":"category","embeddable":true,"href":"https:\/\/todoapulmon-rafaela.com\/index.php\/wp-json\/wp\/v2\/categories?post=3569"},{"taxonomy":"post_tag","embeddable":true,"href":"https:\/\/todoapulmon-rafaela.com\/index.php\/wp-json\/wp\/v2\/tags?post=3569"}],"curies":[{"name":"wp","href":"https:\/\/api.w.org\/{rel}","templated":true}]}}