{"id":3563,"date":"2016-11-10T13:19:40","date_gmt":"2016-11-10T13:19:40","guid":{"rendered":"http:\/\/todoapulmon-rafaela.com\/?p=3563"},"modified":"2016-11-10T13:21:18","modified_gmt":"2016-11-10T13:21:18","slug":"leandri-y-su-alegria-por-el-titulo-en-el-rural","status":"publish","type":"post","link":"https:\/\/todoapulmon-rafaela.com\/index.php\/2016\/11\/10\/leandri-y-su-alegria-por-el-titulo-en-el-rural\/","title":{"rendered":"Leandri y su alegr\u00eda por el t\u00edtulo en el Rural"},"content":{"rendered":"<p>El domingo 6 de noviembre termin\u00f3 la temporada 2016 del Santafesino de Rural Bike en Sunchales. Uno de los rafaelinos que termin\u00f3 logrando el campeonato fue Germ\u00e1n Leandri, en la categor\u00eda Elite.<br \/>\nEn Todo a Pulm\u00f3n radio, esta semana nos cont\u00f3 su satisfacci\u00f3n por este t\u00edtulo. \u00abSiempre ganar y m\u00e1s un campeonato es muy lindo. La verdad que no estaba pensado hacer todo el torneo, en la primera carrera en Rafaela no me fue bien, hab\u00eda terminado 12, cuando reci\u00e9n volv\u00eda de la lesi\u00f3n. A mitad de a\u00f1o nos decidimos con Daniel Capella quien me va guiando y me dijo que si ten\u00eda ganas de hacer el torneo, sacando un poco de n\u00fameros, que le de para adelante y desde mitad de a\u00f1o seguimos todo el campeonato\u00bb, describi\u00f3 sobre este logro.<br \/>\nDestac\u00f3 sobre la definici\u00f3n que \u00abes una categor\u00eda peleada, estaba varios puntos mas lejos que el primero y hay otros corredores r\u00e1pidos, pero pudimos terminarlo de la mejor manera\u00bb.<br \/>\nA modo de balance del a\u00f1o, expres\u00f3 que \u00abme recuper\u00e9 bien de la quebradura y entonces empec\u00e9 a remontar bastante. En el Argentino de Rural Bike me fue mas o menos, en el Salado Las Piedras fui tercero con muchas posibilidades, y ahora esperamos la \u00faltima carrera del a\u00f1o, que va a ser la Doble San Francisco &#8211; Miramar en diciembre\u00bb.<br \/>\nLeandri asoma como referente de un grupo de alrededor de una decena de bikers que se identifican como \u00abLa Parroquia\u00bb, relacionado con su taller de bicicletas. \u00abEs un lindo grupo con el que estamos entrenando y planificando. El a\u00f1o que viene vamos a ver si vamos a carreras m\u00e1s grandes en C\u00f3rdoba o si seguimos ac\u00e1 con el Rural tambi\u00e9n\u00bb.<br \/>\nAqu\u00ed el audio de la nota:<\/p>\n<!--[if lt IE 9]><script>document.createElement('audio');<\/script><![endif]-->\n<audio class=\"wp-audio-shortcode\" id=\"audio-3563-1\" preload=\"none\" style=\"width: 100%;\" controls=\"controls\"><source type=\"audio\/mpeg\" src=\"http:\/\/todoapulmon-rafaela.com\/wp-content\/uploads\/2016\/11\/8-11-16-GERMAN.mp3?_=1\" \/><a href=\"http:\/\/todoapulmon-rafaela.com\/wp-content\/uploads\/2016\/11\/8-11-16-GERMAN.mp3\">http:\/\/todoapulmon-rafaela.com\/wp-content\/uploads\/2016\/11\/8-11-16-GERMAN.mp3<\/a><\/audio>\n","protected":false},"excerpt":{"rendered":"<p>El domingo 6 de noviembre termin\u00f3 la temporada 2016 del Santafesino de Rural Bike en Sunchales. Uno de los rafaelinos<\/p>\n","protected":false},"author":2,"featured_media":3564,"comment_status":"open","ping_status":"open","sticky":false,"template":"","format":"standard","meta":{"footnotes":""},"categories":[4,24],"tags":[],"class_list":["post-3563","post","type-post","status-publish","format-standard","has-post-thumbnail","hentry","category-ciclismo","category-noticias-destacadas"],"cc_featured_image_caption":{"caption_text":"La coronaci\u00f3n de la categor\u00eda Elite en Sunchales (foto rural bike.com.ar).","source_text":"","source_url":""},"_links":{"self":[{"href":"https:\/\/todoapulmon-rafaela.com\/index.php\/wp-json\/wp\/v2\/posts\/3563"}],"collection":[{"href":"https:\/\/todoapulmon-rafaela.com\/index.php\/wp-json\/wp\/v2\/posts"}],"about":[{"href":"https:\/\/todoapulmon-rafaela.com\/index.php\/wp-json\/wp\/v2\/types\/post"}],"author":[{"embeddable":true,"href":"https:\/\/todoapulmon-rafaela.com\/index.php\/wp-json\/wp\/v2\/users\/2"}],"replies":[{"embeddable":true,"href":"https:\/\/todoapulmon-rafaela.com\/index.php\/wp-json\/wp\/v2\/comments?post=3563"}],"version-history":[{"count":3,"href":"https:\/\/todoapulmon-rafaela.com\/index.php\/wp-json\/wp\/v2\/posts\/3563\/revisions"}],"predecessor-version":[{"id":3568,"href":"https:\/\/todoapulmon-rafaela.com\/index.php\/wp-json\/wp\/v2\/posts\/3563\/revisions\/3568"}],"wp:featuredmedia":[{"embeddable":true,"href":"https:\/\/todoapulmon-rafaela.com\/index.php\/wp-json\/wp\/v2\/media\/3564"}],"wp:attachment":[{"href":"https:\/\/todoapulmon-rafaela.com\/index.php\/wp-json\/wp\/v2\/media?parent=3563"}],"wp:term":[{"taxonomy":"category","embeddable":true,"href":"https:\/\/todoapulmon-rafaela.com\/index.php\/wp-json\/wp\/v2\/categories?post=3563"},{"taxonomy":"post_tag","embeddable":true,"href":"https:\/\/todoapulmon-rafaela.com\/index.php\/wp-json\/wp\/v2\/tags?post=3563"}],"curies":[{"name":"wp","href":"https:\/\/api.w.org\/{rel}","templated":true}]}}