{"id":3548,"date":"2016-11-09T11:34:42","date_gmt":"2016-11-09T11:34:42","guid":{"rendered":"http:\/\/todoapulmon-rafaela.com\/?p=3548"},"modified":"2016-11-09T11:34:42","modified_gmt":"2016-11-09T11:34:42","slug":"meritoria-actuacion-de-los-seleccionados-sub-12-2","status":"publish","type":"post","link":"https:\/\/todoapulmon-rafaela.com\/index.php\/2016\/11\/09\/meritoria-actuacion-de-los-seleccionados-sub-12-2\/","title":{"rendered":"Meritoria actuaci\u00f3n de los seleccionados Sub 12"},"content":{"rendered":"<p>Los d\u00edas 5 y 6 de noviembre se realiz\u00f3 el primer torneo interasociativo de la categor\u00eda Sub 12, organizado por la Federaci\u00f3n Santafesina de Voley, donde estuvieron presente las 8\u00a0asociaciones que comprenden la Federaci\u00f3n.<\/p>\n<p>La mitad de ellas presentaron dos equipos, entre ellas la Asociaci\u00f3n Rafaelina de Voley. El representativo A\u00a0que estuvo a cargo de la entrenadora Yesica Rivero (Club Uni\u00f3n de Sunchales) \u00a0y la ayudante t\u00e9cnico Marianela Ali (Centro Cultural Argentino de Vila), estuvo integrado por\u00a0las jugadoras: Alberto Gina, Margar\u00eda Milena, Lencina Sof\u00eda, Oggero Mora, Bobadilla Virginia (Club Uni\u00f3n de Sunchales); Doro Melina, Ursprung Julieta, Picco Delfina, Beltramo Brenda, Audino Florencia y Maldonado Camila ( Club Atl\u00e9tico de Rafaela).<\/p>\n<p>El equipo B fue dirigido por la entrenadora Adriana C\u00e1mara (Club 9 de julio) y fue integrado por: Allegre Florencia, Monserrat Florencia (Club Libertad de Sunchales); Cavallo Catalina, Burgos Sabina(Club Atl\u00e9tico Brown); Rodr\u00edguez Dana, Acu\u00f1a Josefina (Club Almagro); Almeyra Camila, Bessi Francina, Franchino Mariana, Failla Juliana (Club Uni\u00f3n de Sunchales); Ocampo Rosario (Atl\u00e9tico de Rafaela). El presidente de la delegaci\u00f3n fue Franco Peralta (Club 9 de Julio).<\/p>\n<p>La ARV tuvo un buena actuaci\u00f3n, mencionando que cada equipo ten\u00eda objetivos diferentes y que fueron alcanzados quedando en el 7\u00ba lugar el equipo A y 11\u00ba puesto el equipo B. La Asociaci\u00f3n Rafaelina de Voley felicita al cuerpo t\u00e9cnico, jugadoras por la excelente participaci\u00f3n y a los familiares por acompa\u00f1ar a sus hijas y apoyar a la ARV.<\/p>\n<p><img loading=\"lazy\" decoding=\"async\" class=\"alignnone size-medium wp-image-3546\" src=\"http:\/\/todoapulmon-rafaela.com\/wp-content\/uploads\/2016\/11\/b9b51a74-1c2e-4050-b5ab-e0672eb94728-300x169.jpg\" alt=\"b9b51a74-1c2e-4050-b5ab-e0672eb94728\" width=\"300\" height=\"169\" srcset=\"https:\/\/todoapulmon-rafaela.com\/wp-content\/uploads\/2016\/11\/b9b51a74-1c2e-4050-b5ab-e0672eb94728-300x169.jpg 300w, https:\/\/todoapulmon-rafaela.com\/wp-content\/uploads\/2016\/11\/b9b51a74-1c2e-4050-b5ab-e0672eb94728-768x432.jpg 768w, https:\/\/todoapulmon-rafaela.com\/wp-content\/uploads\/2016\/11\/b9b51a74-1c2e-4050-b5ab-e0672eb94728-1024x576.jpg 1024w, https:\/\/todoapulmon-rafaela.com\/wp-content\/uploads\/2016\/11\/b9b51a74-1c2e-4050-b5ab-e0672eb94728.jpg 1280w\" sizes=\"(max-width: 300px) 100vw, 300px\" \/><\/p>\n","protected":false},"excerpt":{"rendered":"<p>Los d\u00edas 5 y 6 de noviembre se realiz\u00f3 el primer torneo interasociativo de la categor\u00eda Sub 12, organizado por<\/p>\n","protected":false},"author":2,"featured_media":3545,"comment_status":"open","ping_status":"open","sticky":false,"template":"","format":"standard","meta":{"footnotes":""},"categories":[24,16],"tags":[],"class_list":["post-3548","post","type-post","status-publish","format-standard","has-post-thumbnail","hentry","category-noticias-destacadas","category-voley"],"cc_featured_image_caption":{"caption_text":"Un buen torneo y una valiosa experiencia acumularon los equipos de la ARV en San Carlos (foto prensa ARV).","source_text":"","source_url":""},"_links":{"self":[{"href":"https:\/\/todoapulmon-rafaela.com\/index.php\/wp-json\/wp\/v2\/posts\/3548"}],"collection":[{"href":"https:\/\/todoapulmon-rafaela.com\/index.php\/wp-json\/wp\/v2\/posts"}],"about":[{"href":"https:\/\/todoapulmon-rafaela.com\/index.php\/wp-json\/wp\/v2\/types\/post"}],"author":[{"embeddable":true,"href":"https:\/\/todoapulmon-rafaela.com\/index.php\/wp-json\/wp\/v2\/users\/2"}],"replies":[{"embeddable":true,"href":"https:\/\/todoapulmon-rafaela.com\/index.php\/wp-json\/wp\/v2\/comments?post=3548"}],"version-history":[{"count":1,"href":"https:\/\/todoapulmon-rafaela.com\/index.php\/wp-json\/wp\/v2\/posts\/3548\/revisions"}],"predecessor-version":[{"id":3549,"href":"https:\/\/todoapulmon-rafaela.com\/index.php\/wp-json\/wp\/v2\/posts\/3548\/revisions\/3549"}],"wp:featuredmedia":[{"embeddable":true,"href":"https:\/\/todoapulmon-rafaela.com\/index.php\/wp-json\/wp\/v2\/media\/3545"}],"wp:attachment":[{"href":"https:\/\/todoapulmon-rafaela.com\/index.php\/wp-json\/wp\/v2\/media?parent=3548"}],"wp:term":[{"taxonomy":"category","embeddable":true,"href":"https:\/\/todoapulmon-rafaela.com\/index.php\/wp-json\/wp\/v2\/categories?post=3548"},{"taxonomy":"post_tag","embeddable":true,"href":"https:\/\/todoapulmon-rafaela.com\/index.php\/wp-json\/wp\/v2\/tags?post=3548"}],"curies":[{"name":"wp","href":"https:\/\/api.w.org\/{rel}","templated":true}]}}