{"id":35389,"date":"2022-10-23T19:07:14","date_gmt":"2022-10-23T19:07:14","guid":{"rendered":"https:\/\/todoapulmon-rafaela.com\/?p=35389"},"modified":"2022-10-23T19:07:14","modified_gmt":"2022-10-23T19:07:14","slug":"leonardo-delrivo-y-catalina-ingaramo-ganaron-los-21k","status":"publish","type":"post","link":"https:\/\/todoapulmon-rafaela.com\/index.php\/2022\/10\/23\/leonardo-delrivo-y-catalina-ingaramo-ganaron-los-21k\/","title":{"rendered":"Leonardo Delrivo y Catalina Ingaramo ganaron los 21k"},"content":{"rendered":"<p>En una gran ma\u00f1ana desde todo aspecto, se realizaron este domingo los 21k Daniel Tecla Far\u00edas luego de tres a\u00f1os por las calles de la ciudad. Esta nueva propuesta impulsada por la Municipalidad de Rafaela tuvo la presencia de alrededor de 2.000 personas, con 1.200 runner inscriptos en las categor\u00edas competitivas de 5, 10 y 21k.<\/p>\n<p>La prueba central fue para Leonardo Del Rivo, de San Francisco, competidor de 40 a\u00f1os que lleva unos 8 practicando esta disciplina y este a\u00f1o tambi\u00e9n gan\u00f3 en su ciudad; y por la rafaelina Catalina Ingaramo en damas, que complet\u00f3 la media marat\u00f3n en 1 hora y media, recordando que hace unas semanas fue primera en su categor\u00eda en el medio Ironman de Cozumel.<\/p>\n<figure id=\"attachment_35391\" aria-describedby=\"caption-attachment-35391\" style=\"width: 1254px\" class=\"wp-caption alignnone\"><img loading=\"lazy\" decoding=\"async\" class=\"size-full wp-image-35391\" src=\"https:\/\/todoapulmon-rafaela.com\/wp-content\/uploads\/2022\/10\/P1470463_resultado.jpg\" alt=\"\" width=\"1254\" height=\"1200\" srcset=\"https:\/\/todoapulmon-rafaela.com\/wp-content\/uploads\/2022\/10\/P1470463_resultado.jpg 1254w, https:\/\/todoapulmon-rafaela.com\/wp-content\/uploads\/2022\/10\/P1470463_resultado-300x287.jpg 300w\" sizes=\"(max-width: 1254px) 100vw, 1254px\" \/><figcaption id=\"caption-attachment-35391\" class=\"wp-caption-text\">Leonardo Del Rivo fue ganador en de los 21 masculinos.<\/figcaption><\/figure>\n<p>En 10k damas gan\u00f3 Daniela Antonich, de Margarita, y Santiago Zabala, de Humboldt, lo hizo en varones. Mientras que en la distancia menor de 5k ganaron la cordobesa Pamela Molina y Fernando Ojeda, de Llambi Campbell.<\/p>\n<p>Con una muy buena organizaci\u00f3n del municipio y la conducci\u00f3n de Fabi\u00e1n Montenegro y Jos\u00e9 Chatruc, el evento cont\u00f3 tambi\u00e9n con sorteos, una prueba para los m\u00e1s chicos y un servicio post-competencia muy completo en la plaza 25 de mayo y zona aleda\u00f1a.<\/p>\n<p><img loading=\"lazy\" decoding=\"async\" class=\"alignnone size-full wp-image-35392\" src=\"https:\/\/todoapulmon-rafaela.com\/wp-content\/uploads\/2022\/10\/P1470084_resultado.jpg\" alt=\"\" width=\"1600\" height=\"1200\" srcset=\"https:\/\/todoapulmon-rafaela.com\/wp-content\/uploads\/2022\/10\/P1470084_resultado.jpg 1600w, https:\/\/todoapulmon-rafaela.com\/wp-content\/uploads\/2022\/10\/P1470084_resultado-300x225.jpg 300w, https:\/\/todoapulmon-rafaela.com\/wp-content\/uploads\/2022\/10\/P1470084_resultado-1536x1152.jpg 1536w\" sizes=\"(max-width: 1600px) 100vw, 1600px\" \/><\/p>\n<p>Estas son las primeras cinco posiciones de la general en las tres distancias:<\/p>\n<p><strong>General 5k damas:<\/strong> 1) Pamela Molina 25m26s, 2) Silvina Torres, 3) Ayel\u00e9n Negri, 4) Mariela Palacios y 5) Virginia Falasconi.<\/p>\n<p><strong>General 10k damas:<\/strong> 1) Daniela Antonich en 42m 51s, 2) Florencia Bermudez, 3) Jemina Alderete, 4) Macarena Calvo, 5) Alejandra Rodriguez.<\/p>\n<p><strong>General 21k damas:<\/strong> 1) Catalina Ingaramo en 1h30m51s, 2) Antonela Bonazzola, 3) Cintia Zapata, 4) Mar\u00eda Paula Heinzen y 5) Valeria Fornero.<\/p>\n<p><strong>General 5k varones:<\/strong> 1) Fernando Nicol\u00e1s Ojeda en 20m 32s, 2) Nahuel Ferrero, 3) Agust\u00edn Ferrero, 4) Jonatan Benitez, 5) Franco Landriel.<\/p>\n<p><strong>General 10k varones:<\/strong> 1) Santiago Zabala en 32m 27s, 2) Joaquin Dolzani, 3) Gustavo Oliva, 4) Gustavo Monges, 5) Santiago Eberhardt.<\/p>\n<p><strong>General 21k varones:<\/strong> 1) Leonardo Del Rivo en 1h 14m 01s, 2) Gast\u00f3n Ramallo, 3) Mauro Gallo, 4) Flavio Demichelis, 5) Germ\u00e1n Fern\u00e1ndez.<\/p>\n","protected":false},"excerpt":{"rendered":"<p>En una gran ma\u00f1ana desde todo aspecto, se realizaron este domingo los 21k Daniel Tecla Far\u00edas luego de tres a\u00f1os<\/p>\n","protected":false},"author":2,"featured_media":35390,"comment_status":"closed","ping_status":"closed","sticky":false,"template":"","format":"standard","meta":{"footnotes":""},"categories":[7,24],"tags":[],"class_list":["post-35389","post","type-post","status-publish","format-standard","has-post-thumbnail","hentry","category-atletismo","category-noticias-destacadas"],"cc_featured_image_caption":{"caption_text":"Catalina Ingaramo cruzando la meta.","source_text":"","source_url":""},"_links":{"self":[{"href":"https:\/\/todoapulmon-rafaela.com\/index.php\/wp-json\/wp\/v2\/posts\/35389"}],"collection":[{"href":"https:\/\/todoapulmon-rafaela.com\/index.php\/wp-json\/wp\/v2\/posts"}],"about":[{"href":"https:\/\/todoapulmon-rafaela.com\/index.php\/wp-json\/wp\/v2\/types\/post"}],"author":[{"embeddable":true,"href":"https:\/\/todoapulmon-rafaela.com\/index.php\/wp-json\/wp\/v2\/users\/2"}],"replies":[{"embeddable":true,"href":"https:\/\/todoapulmon-rafaela.com\/index.php\/wp-json\/wp\/v2\/comments?post=35389"}],"version-history":[{"count":1,"href":"https:\/\/todoapulmon-rafaela.com\/index.php\/wp-json\/wp\/v2\/posts\/35389\/revisions"}],"predecessor-version":[{"id":35393,"href":"https:\/\/todoapulmon-rafaela.com\/index.php\/wp-json\/wp\/v2\/posts\/35389\/revisions\/35393"}],"wp:featuredmedia":[{"embeddable":true,"href":"https:\/\/todoapulmon-rafaela.com\/index.php\/wp-json\/wp\/v2\/media\/35390"}],"wp:attachment":[{"href":"https:\/\/todoapulmon-rafaela.com\/index.php\/wp-json\/wp\/v2\/media?parent=35389"}],"wp:term":[{"taxonomy":"category","embeddable":true,"href":"https:\/\/todoapulmon-rafaela.com\/index.php\/wp-json\/wp\/v2\/categories?post=35389"},{"taxonomy":"post_tag","embeddable":true,"href":"https:\/\/todoapulmon-rafaela.com\/index.php\/wp-json\/wp\/v2\/tags?post=35389"}],"curies":[{"name":"wp","href":"https:\/\/api.w.org\/{rel}","templated":true}]}}