{"id":35386,"date":"2022-10-23T10:18:22","date_gmt":"2022-10-23T10:18:22","guid":{"rendered":"https:\/\/todoapulmon-rafaela.com\/?p=35386"},"modified":"2022-10-23T10:18:22","modified_gmt":"2022-10-23T10:18:22","slug":"argentina-xv-busca-el-titulo-en-uruguay-con-rubiolo-como-titular","status":"publish","type":"post","link":"https:\/\/todoapulmon-rafaela.com\/index.php\/2022\/10\/23\/argentina-xv-busca-el-titulo-en-uruguay-con-rubiolo-como-titular\/","title":{"rendered":"Argentina XV busca el t\u00edtulo en Uruguay con Rubiolo como titular"},"content":{"rendered":"<p>Se viene la definici\u00f3n del Uruguay Conferencia 2022, y para el encuentro decisivo ante Uruguay XV, el combinado de Argentina XV presentar\u00e1 cuatro modificaciones con respecto a la alineaci\u00f3n que se present\u00f3 en el debut del certamen ante USA Falcons. En esta oportunidad estar\u00e1n desde el kick-off Ignacio Ruiz (cumplir\u00e1 la funci\u00f3n de capit\u00e1n), Jer\u00f3nimo G\u00f3mez Vara, Joaqu\u00edn de la Vega Mend\u00eda y Faustino S\u00e1nchez Valarolo; dejan su lugar Bautista Bernasconi, Juan Mernes, Joaqu\u00edn Lamas y Nicanor L\u00f3pez Fern\u00e1ndez.<\/p>\n<p>En cuanto a los rafaelinos, Pedro Rubiolo continuar\u00e1 en el equipo titular y Lorenzo Colidio en el banco de suplentes.<\/p>\n<p>El encuentro entre Argentina XV y Uruguay XV ser\u00e1 este domingo, a las 17:10hs, en el Estadio Charr\u00faa (se podr\u00e1 ver en directo por STAR+), y los titulares del conjunto nacional ser\u00e1n:<\/p>\n<ol type=\"1\">\n<li><strong>PRINCE<\/strong>, Miguel<\/li>\n<li><strong>RUIZ<\/strong>, Ignacio (capit\u00e1n)<\/li>\n<li><strong>MEDRANO<\/strong>, Santiago<\/li>\n<li><strong>MOLINA<\/strong>, Franco<\/li>\n<li><strong>CALAS<\/strong>, Ignacio<\/li>\n<li><strong>D\u2019AMORIM<\/strong>, Nicol\u00e1s<\/li>\n<li><strong>RUBIOLO<\/strong>, Pedro<\/li>\n<li><strong>G\u00d3MEZ VARA<\/strong>, Jer\u00f3nimo<\/li>\n<li><strong>MORALES<\/strong>, Eliseo<\/li>\n<li><strong>DE LA VEGA MEND\u00cdA<\/strong>, Joaqu\u00edn<\/li>\n<li><strong>S\u00c1NCHEZ VALAROLO<\/strong>, Faustino<\/li>\n<li><strong>GARC\u00cdA ASC\u00c1RATE<\/strong>, Mariano<\/li>\n<li><strong>COSTA<\/strong>, Ramiro<\/li>\n<li><strong>SOLER<\/strong>, Mateo<\/li>\n<li><strong>LAND\u00d3<\/strong>, Juan Ignacio<\/li>\n<\/ol>\n<p><strong><u>SUPLENTES<\/u><\/strong><\/p>\n<p><strong>BERNASCONI<\/strong>, Bautista<\/p>\n<p><strong>REVOL PITT<\/strong>, Nicol\u00e1s<\/p>\n<p><strong>CORONEL<\/strong>, Javier<\/p>\n<p><strong>HERN\u00c1NDEZ<\/strong>, Gregorio<\/p>\n<p><strong>COLIDIO<\/strong>, Lorenzo<\/p>\n<p><strong>MERNES<\/strong>, Juan Bautista<\/p>\n<p><strong>IRIARTE<\/strong>, Rafael<\/p>\n<p><strong>LAMAS<\/strong>, Joaqu\u00edn<\/p>\n<p><strong>Entrenadores:\u00a0<\/strong>Ignacio Fern\u00e1ndez Lobbe, Julio Garc\u00eda y Jos\u00e9 Pellicena.<\/p>\n","protected":false},"excerpt":{"rendered":"<p>Se viene la definici\u00f3n del Uruguay Conferencia 2022, y para el encuentro decisivo ante Uruguay XV, el combinado de Argentina<\/p>\n","protected":false},"author":2,"featured_media":35387,"comment_status":"closed","ping_status":"closed","sticky":false,"template":"","format":"standard","meta":{"footnotes":""},"categories":[24,2],"tags":[],"class_list":["post-35386","post","type-post","status-publish","format-standard","has-post-thumbnail","hentry","category-noticias-destacadas","category-rugby"],"cc_featured_image_caption":{"caption_text":"","source_text":"","source_url":""},"_links":{"self":[{"href":"https:\/\/todoapulmon-rafaela.com\/index.php\/wp-json\/wp\/v2\/posts\/35386"}],"collection":[{"href":"https:\/\/todoapulmon-rafaela.com\/index.php\/wp-json\/wp\/v2\/posts"}],"about":[{"href":"https:\/\/todoapulmon-rafaela.com\/index.php\/wp-json\/wp\/v2\/types\/post"}],"author":[{"embeddable":true,"href":"https:\/\/todoapulmon-rafaela.com\/index.php\/wp-json\/wp\/v2\/users\/2"}],"replies":[{"embeddable":true,"href":"https:\/\/todoapulmon-rafaela.com\/index.php\/wp-json\/wp\/v2\/comments?post=35386"}],"version-history":[{"count":1,"href":"https:\/\/todoapulmon-rafaela.com\/index.php\/wp-json\/wp\/v2\/posts\/35386\/revisions"}],"predecessor-version":[{"id":35388,"href":"https:\/\/todoapulmon-rafaela.com\/index.php\/wp-json\/wp\/v2\/posts\/35386\/revisions\/35388"}],"wp:featuredmedia":[{"embeddable":true,"href":"https:\/\/todoapulmon-rafaela.com\/index.php\/wp-json\/wp\/v2\/media\/35387"}],"wp:attachment":[{"href":"https:\/\/todoapulmon-rafaela.com\/index.php\/wp-json\/wp\/v2\/media?parent=35386"}],"wp:term":[{"taxonomy":"category","embeddable":true,"href":"https:\/\/todoapulmon-rafaela.com\/index.php\/wp-json\/wp\/v2\/categories?post=35386"},{"taxonomy":"post_tag","embeddable":true,"href":"https:\/\/todoapulmon-rafaela.com\/index.php\/wp-json\/wp\/v2\/tags?post=35386"}],"curies":[{"name":"wp","href":"https:\/\/api.w.org\/{rel}","templated":true}]}}