{"id":35011,"date":"2022-10-08T02:20:28","date_gmt":"2022-10-08T02:20:28","guid":{"rendered":"https:\/\/todoapulmon-rafaela.com\/?p=35011"},"modified":"2022-10-08T02:22:09","modified_gmt":"2022-10-08T02:22:09","slug":"roberto-acuna-en-la-pre-lista-de-prigioni","status":"publish","type":"post","link":"https:\/\/todoapulmon-rafaela.com\/index.php\/2022\/10\/08\/roberto-acuna-en-la-pre-lista-de-prigioni\/","title":{"rendered":"Roberto Acu\u00f1a en la pre-lista de Prigioni"},"content":{"rendered":"<p>Tras la consagraci\u00f3n en la AmeriCup 2022 en Brasil, venciendo en la final a los locales, la Selecci\u00f3n mayor masculina ya est\u00e1 enfocada en su pr\u00f3ximo gran objetivo: la clasificaci\u00f3n a la Copa del Mundo FIBA 2023. Para eso, tendr\u00e1 que afrontar la quinta ventana FIBA con dos compromisos en condici\u00f3n de visitante.<\/p>\n<p>El 10 de noviembre visitar\u00e1 el Palacio de los Deportes de Santo Domingo para enfrentar a Rep\u00fablica Dominicana. Tres d\u00edas m\u00e1s tarde, el 13, Bahamas recibir\u00e1 al equipo de Pablo Prigioni en el Kendall Isaacs Gym de Nassau.<\/p>\n<p>Para estos partidos, y a\u00fan a la espera de la lista final de jugadores que comenzar\u00e1n los entrenamientos, el cuerpo t\u00e9cnico present\u00f3 una n\u00f3mina de 27 jugadores que podr\u00edan componer el equipo nacional. Cabe remarcar que no se trata de una lista definitiva, aunque posee car\u00e1cter oficial ya que de estos nombres saldr\u00e1n los que participar\u00e1n de la ventana.<\/p>\n<p>Dentro de esa lista aparece el rafaelino Roberto Acu\u00f1a, actualmente jugador de Ol\u00edmpico de La Banda, quien no era citado para la selecci\u00f3n desde la \u00faltima etapa del proceso de Sergio Hern\u00e1ndez, en 2020.<\/p>\n<p><strong>La pre lista<\/strong><\/p>\n<p>1. Campazzo, Facundo \u2013 Denver Nuggets (\u00faltimo equipo)<br \/>\n2. Laprovittola, Nicol\u00e1s \u2013 Barcelona (Espa\u00f1a)<br \/>\n3. Bolmaro, Leandro \u2013 Utah Jazz (NBA)<br \/>\n4. Deck, Gabriel \u2013 Real Madrid (Barcelona)<br \/>\n5. Del\u00eda, Marcos \u2013 BC Wolves (Lituania)<br \/>\n6. Vildoza, Luca \u2013 Milwaukee Bucks (NBA)<br \/>\n7. Delfino, Carlos \u2013 Victoria Libertas Pesaro (Italia)<br \/>\n8. Brussino, Nicol\u00e1s \u2013 Gran Canaria (Espa\u00f1a)<br \/>\n9. Romano, Nicol\u00e1s \u2013 Instituto de C\u00f3rdoba<br \/>\n10. Caffaro, Francisco \u2013 Virginia Cavaliers (Estados Unidos)<br \/>\n11. Vildoza, Jos\u00e9 \u2013 Flamengo (Brasil)<br \/>\n12. Garino, Patricio \u2013 Girona (Espa\u00f1a)<br \/>\n13. Fjellerup, M\u00e1ximo \u2013 Girona (Espa\u00f1a)<br \/>\n14. Gallizzi, Tayavek \u2013 Instituto de C\u00f3rdoba<br \/>\n15. Zurbriggen, Fernando \u2013 Mombus Obradoiro (Espa\u00f1a)<br \/>\n16. Vaulet, Juan Pablo \u2013 Baxi Manresa (Espa\u00f1a)<br \/>\n17. Fern\u00e1ndez, Juan \u2013 Fuenlabrada (Espa\u00f1a)<br \/>\n18. Chapero, Tom\u00e1s \u2013 Ourense (Espa\u00f1a)<br \/>\n19. Marcos, Juan Ignacio \u2013 Forca Lleida Club Esportiu (Espa\u00f1a)<br \/>\n20. Lugarini, Bautista \u2013 Instituto de C\u00f3rdoba<br \/>\n21. Aguirre, Nicol\u00e1s \u2013 Flamengo (Brasil)<br \/>\n22. Baralle, Franco \u2013 Quimsa de Santiago del Estero<br \/>\n23. Cuello, Mart\u00edn \u2013 Flamengo (Brasil)<br \/>\n24. Acu\u00f1a, Roberto \u2013 Ciclista Ol\u00edmpico de La Banda<br \/>\n25. Giorgetti, Franco \u2013 Dorados de Chihuahua (M\u00e9xico)<br \/>\n26. Redivo, Lucio \u2013 Casale Monferrato (Italia)<br \/>\n27. Saiz, Javier \u2013 San Mart\u00edn de Corrientes.<\/p>\n","protected":false},"excerpt":{"rendered":"<p>Tras la consagraci\u00f3n en la AmeriCup 2022 en Brasil, venciendo en la final a los locales, la Selecci\u00f3n mayor masculina<\/p>\n","protected":false},"author":2,"featured_media":35014,"comment_status":"closed","ping_status":"closed","sticky":false,"template":"","format":"standard","meta":{"footnotes":""},"categories":[5,24],"tags":[],"class_list":["post-35011","post","type-post","status-publish","format-standard","has-post-thumbnail","hentry","category-basquet","category-noticias-destacadas"],"cc_featured_image_caption":{"caption_text":"","source_text":"","source_url":""},"_links":{"self":[{"href":"https:\/\/todoapulmon-rafaela.com\/index.php\/wp-json\/wp\/v2\/posts\/35011"}],"collection":[{"href":"https:\/\/todoapulmon-rafaela.com\/index.php\/wp-json\/wp\/v2\/posts"}],"about":[{"href":"https:\/\/todoapulmon-rafaela.com\/index.php\/wp-json\/wp\/v2\/types\/post"}],"author":[{"embeddable":true,"href":"https:\/\/todoapulmon-rafaela.com\/index.php\/wp-json\/wp\/v2\/users\/2"}],"replies":[{"embeddable":true,"href":"https:\/\/todoapulmon-rafaela.com\/index.php\/wp-json\/wp\/v2\/comments?post=35011"}],"version-history":[{"count":1,"href":"https:\/\/todoapulmon-rafaela.com\/index.php\/wp-json\/wp\/v2\/posts\/35011\/revisions"}],"predecessor-version":[{"id":35013,"href":"https:\/\/todoapulmon-rafaela.com\/index.php\/wp-json\/wp\/v2\/posts\/35011\/revisions\/35013"}],"wp:featuredmedia":[{"embeddable":true,"href":"https:\/\/todoapulmon-rafaela.com\/index.php\/wp-json\/wp\/v2\/media\/35014"}],"wp:attachment":[{"href":"https:\/\/todoapulmon-rafaela.com\/index.php\/wp-json\/wp\/v2\/media?parent=35011"}],"wp:term":[{"taxonomy":"category","embeddable":true,"href":"https:\/\/todoapulmon-rafaela.com\/index.php\/wp-json\/wp\/v2\/categories?post=35011"},{"taxonomy":"post_tag","embeddable":true,"href":"https:\/\/todoapulmon-rafaela.com\/index.php\/wp-json\/wp\/v2\/tags?post=35011"}],"curies":[{"name":"wp","href":"https:\/\/api.w.org\/{rel}","templated":true}]}}