{"id":3500,"date":"2016-11-06T19:46:55","date_gmt":"2016-11-06T19:46:55","guid":{"rendered":"http:\/\/todoapulmon-rafaela.com\/?p=3500"},"modified":"2016-11-06T19:49:43","modified_gmt":"2016-11-06T19:49:43","slug":"presencias-de-gimnastas-rafaelinas-en-el-nacional","status":"publish","type":"post","link":"https:\/\/todoapulmon-rafaela.com\/index.php\/2016\/11\/06\/presencias-de-gimnastas-rafaelinas-en-el-nacional\/","title":{"rendered":"Presencias de gimnastas rafaelinas en el Nacional"},"content":{"rendered":"<p>El Club Provincial de Rosario ser\u00e1 sede desde este lunes y hasta el 12 de noviembre del Campeonato Nacional de Niveles A y B de gimnasia. En la selecci\u00f3n santafesina habr\u00e1 siete representantes de Gimnasio CREAR de nuestra ciudad.<\/p>\n<p>En el Nivel A2 lo har\u00e1 Morena Comisso, que llega como campeona provincial categor\u00eda juvenil, y Valentina Peretto (5\u00ba puesto categor\u00eda mayor).<\/p>\n<p>En el Nivel B1 participar\u00e1n Camila M\u00e1rquez, que viene de ser subcampeona juvenil, en tanto que el B2 estar\u00e1n Luana Maretto (3\u00aa), Clara Merin (8\u00aa) y Giuliana Bossio (11\u00aa). La restante integrante de la delegaci\u00f3n es Magdalena Gaido (6\u00aa) en preinfantil, completando otra muy buena performance del equipo a cargo de los profesores Silvia y V\u00edctor Ingaramo.<\/p>\n<p>Cabe acotar que doce son las gimnastas por cada categor\u00eda que se clasificaron en los respectivos niveles.<\/p>\n<p>&nbsp;<\/p>\n","protected":false},"excerpt":{"rendered":"<p>El Club Provincial de Rosario ser\u00e1 sede desde este lunes y hasta el 12 de noviembre del Campeonato Nacional de<\/p>\n","protected":false},"author":2,"featured_media":3501,"comment_status":"open","ping_status":"open","sticky":false,"template":"","format":"standard","meta":{"footnotes":""},"categories":[1],"tags":[],"class_list":["post-3500","post","type-post","status-publish","format-standard","has-post-thumbnail","hentry","category-sin-categoria"],"cc_featured_image_caption":{"caption_text":"Las representantes de CREAR vienen de tener una destacada actuaci\u00f3n en la instancia provincial.","source_text":"","source_url":""},"_links":{"self":[{"href":"https:\/\/todoapulmon-rafaela.com\/index.php\/wp-json\/wp\/v2\/posts\/3500"}],"collection":[{"href":"https:\/\/todoapulmon-rafaela.com\/index.php\/wp-json\/wp\/v2\/posts"}],"about":[{"href":"https:\/\/todoapulmon-rafaela.com\/index.php\/wp-json\/wp\/v2\/types\/post"}],"author":[{"embeddable":true,"href":"https:\/\/todoapulmon-rafaela.com\/index.php\/wp-json\/wp\/v2\/users\/2"}],"replies":[{"embeddable":true,"href":"https:\/\/todoapulmon-rafaela.com\/index.php\/wp-json\/wp\/v2\/comments?post=3500"}],"version-history":[{"count":3,"href":"https:\/\/todoapulmon-rafaela.com\/index.php\/wp-json\/wp\/v2\/posts\/3500\/revisions"}],"predecessor-version":[{"id":3504,"href":"https:\/\/todoapulmon-rafaela.com\/index.php\/wp-json\/wp\/v2\/posts\/3500\/revisions\/3504"}],"wp:featuredmedia":[{"embeddable":true,"href":"https:\/\/todoapulmon-rafaela.com\/index.php\/wp-json\/wp\/v2\/media\/3501"}],"wp:attachment":[{"href":"https:\/\/todoapulmon-rafaela.com\/index.php\/wp-json\/wp\/v2\/media?parent=3500"}],"wp:term":[{"taxonomy":"category","embeddable":true,"href":"https:\/\/todoapulmon-rafaela.com\/index.php\/wp-json\/wp\/v2\/categories?post=3500"},{"taxonomy":"post_tag","embeddable":true,"href":"https:\/\/todoapulmon-rafaela.com\/index.php\/wp-json\/wp\/v2\/tags?post=3500"}],"curies":[{"name":"wp","href":"https:\/\/api.w.org\/{rel}","templated":true}]}}