{"id":34985,"date":"2022-10-06T17:59:12","date_gmt":"2022-10-06T17:59:12","guid":{"rendered":"https:\/\/todoapulmon-rafaela.com\/?p=34985"},"modified":"2022-10-06T17:59:12","modified_gmt":"2022-10-06T17:59:12","slug":"los-21k-fueron-presentados-ante-un-gran-marco","status":"publish","type":"post","link":"https:\/\/todoapulmon-rafaela.com\/index.php\/2022\/10\/06\/los-21k-fueron-presentados-ante-un-gran-marco\/","title":{"rendered":"Los 21k fueron presentados ante un gran marco"},"content":{"rendered":"<p>Ante una numerosa concurrencia se realiz\u00f3 en este jueves en el Complejo del Viejo Mercado la presentaci\u00f3n de la remera de los 21k y todo lo concerniente a la gran fiesta el running que se desarrollar\u00e1 el 23 de octubre. Junto al intendente Luis Castellano, la secretaria de Desarrollo Humano Myriam Villafa\u00f1e, y el Subsecretario de Deportes Ignacio Podio, estuvieron brindando los principales detalles.<\/p>\n<p>Representantes de grupos de running locales, sponsors, personal del municipio que viene trabajando en la orgnizaci\u00f3n, invitados especiales y periodismo le dieron un gran marco al acto, que tuvo en su primera parte un merecido reconocimiento a la madre y uno de los hermanos de Daniel \u00abTecla\u00bb Far\u00edas, haciendo hincapi\u00e9 Villafa\u00f1e en que oficialmente se ha instituido como nombre de la carrera \u00abHomenaje a Daniel Tecla Far\u00edas\u00bb.<\/p>\n<p>En tanto, Podio destac\u00f3 que \u00abpara los 21k ven\u00edamos trabajando desde que asumimos en diciembre de 2019 y lamentablemente la pandemia hizo que debi\u00e9ramos interrumpir lo planificado, indudablemente que las ediciones virtuales de 2020 y 2021 no fueron lo mismo, y ahora tenemos la alegr\u00eda de volver con cambios, como los realizados en el circuito, entre otros\u00bb.<\/p>\n<p><img loading=\"lazy\" decoding=\"async\" class=\"alignnone size-full wp-image-34988\" src=\"https:\/\/todoapulmon-rafaela.com\/wp-content\/uploads\/2022\/10\/20221006_1020141-scaled.jpg\" alt=\"\" width=\"2560\" height=\"1152\" srcset=\"https:\/\/todoapulmon-rafaela.com\/wp-content\/uploads\/2022\/10\/20221006_1020141-scaled.jpg 2560w, https:\/\/todoapulmon-rafaela.com\/wp-content\/uploads\/2022\/10\/20221006_1020141-300x135.jpg 300w, https:\/\/todoapulmon-rafaela.com\/wp-content\/uploads\/2022\/10\/20221006_1020141-1536x691.jpg 1536w, https:\/\/todoapulmon-rafaela.com\/wp-content\/uploads\/2022\/10\/20221006_1020141-2048x922.jpg 2048w\" sizes=\"(max-width: 2560px) 100vw, 2560px\" \/><\/p>\n<p>Adem\u00e1s, se mostr\u00f3 feliz porque \u00abcontaremos con r\u00e9cord de inscriptos, superando los 1.000 que era el objetivo. A dos meses de la fecha de la carrera ya ten\u00edamos cupo completo, pudimos hacer un esfuerzo para sumar otros 200 y en 48 horas se completaron. Eso demuestra el \u00e9xito de la competencia, donde casi 500 corredores son de otros puntos del pa\u00eds\u00bb.<\/p>\n<p>El intendente Luis Castellano, como para darle un corolario, destac\u00f3 \u00abque Rafaela se est\u00e1 potenciando como un ciudad de eventos y los 21k son una gran muestra. Eso se est\u00e1 reflejando ac\u00e1, donde le estamos sumando calidad a nuestros eventos. Notamos que hay una gran motivaci\u00f3n de la ciudad para seguir posicion\u00e1ndola como una referencia en ese sentido, y la media marat\u00f3n tiene derivaciones hermosas con los grupos entrenando y ocupando espacios p\u00fablicos\u00bb.<\/p>\n<p>Tambi\u00e9n hicieron uso de la palabra Mart\u00edn, representante de Laptime (empresa fiscalizadora), quien tambi\u00e9n elogi\u00f3 a la prueba y se anim\u00f3 a vislumbrar para el a\u00f1o que viene la \u00abposibilidad de correr con 5.000 inscriptos\u00bb, con una sonrisa hacia las autoridades. Y algo parecido en cuanto a nuevos desaf\u00edos plante\u00f3 Silvio Parola, quien fue invitado tambi\u00e9n a dirigirse brevemente a los presentes, recordando la primera edici\u00f3n con \u00ab30 remeras\u00bb y so\u00f1ando dentro de algunos a\u00f1os en tener los 42k en nuestra ciudad.<\/p>\n<p>Hubo coincidencias entre los disertantes en el agradecimiento a los sponsors y a quienes trabajaron de una u otra manera en la organizaci\u00f3n.<\/p>\n<p><img loading=\"lazy\" decoding=\"async\" class=\"alignnone size-full wp-image-34989\" src=\"https:\/\/todoapulmon-rafaela.com\/wp-content\/uploads\/2022\/10\/20221006_1052371-scaled.jpg\" alt=\"\" width=\"2560\" height=\"1667\" srcset=\"https:\/\/todoapulmon-rafaela.com\/wp-content\/uploads\/2022\/10\/20221006_1052371-scaled.jpg 2560w, https:\/\/todoapulmon-rafaela.com\/wp-content\/uploads\/2022\/10\/20221006_1052371-300x195.jpg 300w, https:\/\/todoapulmon-rafaela.com\/wp-content\/uploads\/2022\/10\/20221006_1052371-1536x1000.jpg 1536w, https:\/\/todoapulmon-rafaela.com\/wp-content\/uploads\/2022\/10\/20221006_1052371-2048x1334.jpg 2048w\" sizes=\"(max-width: 2560px) 100vw, 2560px\" \/><\/p>\n<p>Recordemos que este a\u00f1o habr\u00e1 tres distancias competitivas: 5k , 10k y 21k, y que la largada ser\u00e1 a los 8 de la ma\u00f1ana del domingo 23 de octubre, frente al edificio municipal. Podio tambi\u00e9n hizo referencia a la instalaci\u00f3n de una zona exclusiva para runners delimitada en la plaza 25 de Mayo, adem\u00e1s de presencias de kinesi\u00f3logos y una nutricionista para la recuperaci\u00f3n posterior.<\/p>\n<p>Los premios ser\u00e1n hasta el tercer clasificado, estando previstos varios sorteos de obsequios.<\/p>\n","protected":false},"excerpt":{"rendered":"<p>Ante una numerosa concurrencia se realiz\u00f3 en este jueves en el Complejo del Viejo Mercado la presentaci\u00f3n de la remera<\/p>\n","protected":false},"author":2,"featured_media":34987,"comment_status":"closed","ping_status":"closed","sticky":false,"template":"","format":"standard","meta":{"footnotes":""},"categories":[7,24],"tags":[],"class_list":["post-34985","post","type-post","status-publish","format-standard","has-post-thumbnail","hentry","category-atletismo","category-noticias-destacadas"],"cc_featured_image_caption":{"caption_text":"","source_text":"","source_url":""},"_links":{"self":[{"href":"https:\/\/todoapulmon-rafaela.com\/index.php\/wp-json\/wp\/v2\/posts\/34985"}],"collection":[{"href":"https:\/\/todoapulmon-rafaela.com\/index.php\/wp-json\/wp\/v2\/posts"}],"about":[{"href":"https:\/\/todoapulmon-rafaela.com\/index.php\/wp-json\/wp\/v2\/types\/post"}],"author":[{"embeddable":true,"href":"https:\/\/todoapulmon-rafaela.com\/index.php\/wp-json\/wp\/v2\/users\/2"}],"replies":[{"embeddable":true,"href":"https:\/\/todoapulmon-rafaela.com\/index.php\/wp-json\/wp\/v2\/comments?post=34985"}],"version-history":[{"count":2,"href":"https:\/\/todoapulmon-rafaela.com\/index.php\/wp-json\/wp\/v2\/posts\/34985\/revisions"}],"predecessor-version":[{"id":34990,"href":"https:\/\/todoapulmon-rafaela.com\/index.php\/wp-json\/wp\/v2\/posts\/34985\/revisions\/34990"}],"wp:featuredmedia":[{"embeddable":true,"href":"https:\/\/todoapulmon-rafaela.com\/index.php\/wp-json\/wp\/v2\/media\/34987"}],"wp:attachment":[{"href":"https:\/\/todoapulmon-rafaela.com\/index.php\/wp-json\/wp\/v2\/media?parent=34985"}],"wp:term":[{"taxonomy":"category","embeddable":true,"href":"https:\/\/todoapulmon-rafaela.com\/index.php\/wp-json\/wp\/v2\/categories?post=34985"},{"taxonomy":"post_tag","embeddable":true,"href":"https:\/\/todoapulmon-rafaela.com\/index.php\/wp-json\/wp\/v2\/tags?post=34985"}],"curies":[{"name":"wp","href":"https:\/\/api.w.org\/{rel}","templated":true}]}}