{"id":34952,"date":"2022-10-04T16:18:40","date_gmt":"2022-10-04T16:18:40","guid":{"rendered":"https:\/\/todoapulmon-rafaela.com\/?p=34952"},"modified":"2022-10-04T16:18:52","modified_gmt":"2022-10-04T16:18:52","slug":"karatecas-de-almagro-compitieron-con-buena-actuacion-en-la-punta","status":"publish","type":"post","link":"https:\/\/todoapulmon-rafaela.com\/index.php\/2022\/10\/04\/karatecas-de-almagro-compitieron-con-buena-actuacion-en-la-punta\/","title":{"rendered":"Karatecas de Almagro compitieron con muy buena actuaci\u00f3n en La Punta"},"content":{"rendered":"<p>El domingo 2 de octubre se realiz\u00f3 en La Punta (San Luis) el noveno torneo de Karate Interestilos, donde tuvo participaci\u00f3n una delegaci\u00f3n de cinco representantes del Dojo del Club Almagro de Rafaela. Los resultados obtenidos fueron muy buenos, para satisfacci\u00f3n de los deportistas, familiares y el entrenador Carlos Abelda\u00f1o.<\/p>\n<p>Fueron protagonistas Axel Navarro, Nicol\u00e1s Echevarr\u00eda, Tiziano Oesquer, Mateo Moncada y Mart\u00edn Gilli, logrando \u00e9stas posiciones:<br \/>\n<strong>Mateo Moncada:<\/strong> 1\u00ba puesto Kata Caballeros Juveniles cintur\u00f3n Azul a Negro y 2\u00b0 puesto Kumite Caballeros Juveniles.<br \/>\n<strong>Tiziano Oesquer:<\/strong> 1\u00b0 puesto Kumite Caballeros Juveniles.<br \/>\n<strong>Nicol\u00e1s Echevarr\u00eda:<\/strong> 1\u00b0 puesto Kumite Caballeros 11 a 12 a\u00f1os.<br \/>\n<strong>Moncada, Oesquer, Echevarr\u00eda:<\/strong> 3\u00b0 puesto Kata Equipos Juveniles Mixto.<\/p>\n","protected":false},"excerpt":{"rendered":"<p>El domingo 2 de octubre se realiz\u00f3 en La Punta (San Luis) el noveno torneo de Karate Interestilos, donde tuvo<\/p>\n","protected":false},"author":2,"featured_media":34953,"comment_status":"closed","ping_status":"closed","sticky":false,"template":"","format":"standard","meta":{"footnotes":""},"categories":[18,24],"tags":[],"class_list":["post-34952","post","type-post","status-publish","format-standard","has-post-thumbnail","hentry","category-artes-marciales","category-noticias-destacadas"],"cc_featured_image_caption":{"caption_text":"Los representantes de Almagro en el torneo realizado en San Luis (foto prensa Almagro).","source_text":"","source_url":""},"_links":{"self":[{"href":"https:\/\/todoapulmon-rafaela.com\/index.php\/wp-json\/wp\/v2\/posts\/34952"}],"collection":[{"href":"https:\/\/todoapulmon-rafaela.com\/index.php\/wp-json\/wp\/v2\/posts"}],"about":[{"href":"https:\/\/todoapulmon-rafaela.com\/index.php\/wp-json\/wp\/v2\/types\/post"}],"author":[{"embeddable":true,"href":"https:\/\/todoapulmon-rafaela.com\/index.php\/wp-json\/wp\/v2\/users\/2"}],"replies":[{"embeddable":true,"href":"https:\/\/todoapulmon-rafaela.com\/index.php\/wp-json\/wp\/v2\/comments?post=34952"}],"version-history":[{"count":2,"href":"https:\/\/todoapulmon-rafaela.com\/index.php\/wp-json\/wp\/v2\/posts\/34952\/revisions"}],"predecessor-version":[{"id":34955,"href":"https:\/\/todoapulmon-rafaela.com\/index.php\/wp-json\/wp\/v2\/posts\/34952\/revisions\/34955"}],"wp:featuredmedia":[{"embeddable":true,"href":"https:\/\/todoapulmon-rafaela.com\/index.php\/wp-json\/wp\/v2\/media\/34953"}],"wp:attachment":[{"href":"https:\/\/todoapulmon-rafaela.com\/index.php\/wp-json\/wp\/v2\/media?parent=34952"}],"wp:term":[{"taxonomy":"category","embeddable":true,"href":"https:\/\/todoapulmon-rafaela.com\/index.php\/wp-json\/wp\/v2\/categories?post=34952"},{"taxonomy":"post_tag","embeddable":true,"href":"https:\/\/todoapulmon-rafaela.com\/index.php\/wp-json\/wp\/v2\/tags?post=34952"}],"curies":[{"name":"wp","href":"https:\/\/api.w.org\/{rel}","templated":true}]}}