{"id":34880,"date":"2022-10-02T18:18:37","date_gmt":"2022-10-02T18:18:37","guid":{"rendered":"https:\/\/todoapulmon-rafaela.com\/?p=34880"},"modified":"2022-10-02T18:18:37","modified_gmt":"2022-10-02T18:18:37","slug":"runners-de-rafaela-ganaron-en-los-10k-de-san-francisco-corre","status":"publish","type":"post","link":"https:\/\/todoapulmon-rafaela.com\/index.php\/2022\/10\/02\/runners-de-rafaela-ganaron-en-los-10k-de-san-francisco-corre\/","title":{"rendered":"Runners de Rafaela ganaron en los 10k de San Francisco Corre"},"content":{"rendered":"<p>Este domingo se disput\u00f3 una nueva edici\u00f3n de la prueba pedestre \u201cSan Francisco Corre\u201d, en la vecina localidad cordobesa. Fue la quinta edici\u00f3n en las pruebas de 21K, 10K y 5K, este \u00faltimo de manera recreativa. Tuvo la participaci\u00f3n de m\u00e1s de 1500 corredores que recorrieron las calles de esa localidad.<br \/>\nCabe destacar los triunfos en las generales de 10k de representantes de Rafaela. Germ\u00e1n Fern\u00e1ndez se impuso en varones, mientras que Florencia Berm\u00fadez, del grupo Runnea, lo hizo en damas. En esa distancia tambi\u00e9n cabe mencionar el tercer puesto general de Jemina Alderete.<br \/>\nEn la prueba mayor de 21K el ganador absoluto fue Leonardo Delrivo con un tiempo de 1:13:39 bajando el tiempo realizado la edici\u00f3n anterior del 2021 en casi cuatro segundos y estableciendo un nuevo r\u00e9cord. Completaron el podio Luis Arias de Santa Fe con 1:14:45 y Jer\u00f3nimo Peralta de Las Varillas con 1:15:12.<\/p>\n<p>PRINCIPALES PODIOS<\/p>\n<p>21K Caballeros<\/p>\n<p>1\u00ba Leonardo Delrivo (San Francisco) 1h 13&#8242; 39\u00bb<br \/>\n2\u00ba Luis Arias (Santa Fe) 1h 14&#8242; 45\u00bb<br \/>\n3\u00ba Jer\u00f3nimo Peralta (Las Varillas) 1h 15&#8242; 12\u00bb<\/p>\n<p>21K Damas<\/p>\n<p>1\u00aa Andrea Lazzarini (Franck) 1h 30&#8242; 25\u00bb<br \/>\n2\u00aa Mar\u00eda Bel\u00e9n Gambino (San Francisco) 1h 42&#8242; 58\u00bb<br \/>\n3\u00aa Raquel Marengo (San Francisco) 1h 43&#8242; 55\u00bb<\/p>\n<p>10K Caballeros<\/p>\n<p>1\u00ba Germ\u00e1n Fern\u00e1ndez (Rafaela) 35&#8242; 41\u00bb<br \/>\n2\u00ba Agust\u00edn P\u00e9rez (San Francisco) 36&#8242; 01\u00bb<br \/>\n3\u00ba Miguel Garnica (Morteros) 36&#8242; 13\u00bb<br \/>\nOtros meritorios resultados de representantes de Rafaela: 7\u00ba Santiago Eberhardt (1\u00ba en su categor\u00eda), 8\u00ba Rodrigo Ghilardi (2\u00ba en su categor\u00eda), 9\u00ba Fernando Kuriger (1\u00ba en su categor\u00eda).<\/p>\n<p>10K Damas<\/p>\n<p>1\u00aa Florencia Berm\u00fadez (Rafaela) 44&#8242; 40\u00bb<br \/>\n2\u00aa Silvina Torres (San Francisco) 44&#8242; 52\u00bb<br \/>\n3\u00aa Jemina Alderete (Rafaela) 44&#8242; 53\u00bb.<br \/>\nOtros meritorios resultados de representantes de Rafaela: 4\u00aa Ana Paula Heinzen (1\u00aa en su categor\u00eda); 7\u00aa Juliana Selvaggi (1\u00aa en su categor\u00eda).<\/p>\n","protected":false},"excerpt":{"rendered":"<p>Este domingo se disput\u00f3 una nueva edici\u00f3n de la prueba pedestre \u201cSan Francisco Corre\u201d, en la vecina localidad cordobesa. Fue<\/p>\n","protected":false},"author":2,"featured_media":34881,"comment_status":"closed","ping_status":"closed","sticky":false,"template":"","format":"standard","meta":{"footnotes":""},"categories":[7,24],"tags":[],"class_list":["post-34880","post","type-post","status-publish","format-standard","has-post-thumbnail","hentry","category-atletismo","category-noticias-destacadas"],"cc_featured_image_caption":{"caption_text":"Germ\u00e1n Fern\u00e1ndez y Florencia Berm\u00fadez en la premiaci\u00f3n de este domingo (fotos Laptime y grupo Runnea).","source_text":"","source_url":""},"_links":{"self":[{"href":"https:\/\/todoapulmon-rafaela.com\/index.php\/wp-json\/wp\/v2\/posts\/34880"}],"collection":[{"href":"https:\/\/todoapulmon-rafaela.com\/index.php\/wp-json\/wp\/v2\/posts"}],"about":[{"href":"https:\/\/todoapulmon-rafaela.com\/index.php\/wp-json\/wp\/v2\/types\/post"}],"author":[{"embeddable":true,"href":"https:\/\/todoapulmon-rafaela.com\/index.php\/wp-json\/wp\/v2\/users\/2"}],"replies":[{"embeddable":true,"href":"https:\/\/todoapulmon-rafaela.com\/index.php\/wp-json\/wp\/v2\/comments?post=34880"}],"version-history":[{"count":1,"href":"https:\/\/todoapulmon-rafaela.com\/index.php\/wp-json\/wp\/v2\/posts\/34880\/revisions"}],"predecessor-version":[{"id":34882,"href":"https:\/\/todoapulmon-rafaela.com\/index.php\/wp-json\/wp\/v2\/posts\/34880\/revisions\/34882"}],"wp:featuredmedia":[{"embeddable":true,"href":"https:\/\/todoapulmon-rafaela.com\/index.php\/wp-json\/wp\/v2\/media\/34881"}],"wp:attachment":[{"href":"https:\/\/todoapulmon-rafaela.com\/index.php\/wp-json\/wp\/v2\/media?parent=34880"}],"wp:term":[{"taxonomy":"category","embeddable":true,"href":"https:\/\/todoapulmon-rafaela.com\/index.php\/wp-json\/wp\/v2\/categories?post=34880"},{"taxonomy":"post_tag","embeddable":true,"href":"https:\/\/todoapulmon-rafaela.com\/index.php\/wp-json\/wp\/v2\/tags?post=34880"}],"curies":[{"name":"wp","href":"https:\/\/api.w.org\/{rel}","templated":true}]}}