{"id":34798,"date":"2022-09-29T23:21:10","date_gmt":"2022-09-29T23:21:10","guid":{"rendered":"https:\/\/todoapulmon-rafaela.com\/?p=34798"},"modified":"2022-09-29T23:31:36","modified_gmt":"2022-09-29T23:31:36","slug":"emmert-fue-cuarto-en-los-800-metros","status":"publish","type":"post","link":"https:\/\/todoapulmon-rafaela.com\/index.php\/2022\/09\/29\/emmert-fue-cuarto-en-los-800-metros\/","title":{"rendered":"Emmert fue cuarto en los 800 metros"},"content":{"rendered":"<p>En la primera de sus competencias en el Sudamericano U23 de atletismo que se desarrolla en Cascavel, Brasil, el rafaelino Pedro Emmert se ubic\u00f3 cuarto este jueves en los 800 metros llanos. El dato importante es que logr\u00f3 establecer su mejor registro personal en la distancia con 1m 50s 13\/100.<\/p>\n<p>La prueba tuvo dominio brasilero con el triunfo de Eduardo Ribeiro Moreira y el segundo puesto de Leonardo Santos de Jes\u00fas, en tanto que el tercer escal\u00f3n del podio fue para el peruano Marco Vilca. Emmert viniendo desde atr\u00e1s en la carrera intent\u00f3 en los \u00faltimos metros alcanzar al incaico, pero no pudo lograrlo.<\/p>\n<p>Este viernes a las 10 se corren las semifinales de los 400 metros, buscando un lugar en la final de la tarde (15 horas). Por Argentina aparecen inscriptos en esa prueba Mat\u00edas Falchetti y Elian Larregina. En cuanto a Emmert aparece como integrante para la posta 4&#215;400.<\/p>\n<p>Clasificaci\u00f3n de los 800 metros<\/p>\n<table class=\"CSSTableGenerator\" border=\"0\" width=\"100%\" cellspacing=\"0\" cellpadding=\"2\">\n<tbody>\n<tr>\n<td align=\"center\">1<\/td>\n<td align=\"center\">253<\/td>\n<td align=\"left\"><a href=\"https:\/\/www.cbat.org.br\/novo\/curriculo\/main.php?&amp;registro=63169\" target=\"_blank\" rel=\"noopener\">Eduardo Ribeiro Moreira<\/a><\/td>\n<td align=\"center\"><img decoding=\"async\" src=\"https:\/\/www.cbat.org.br\/competicoes\/resultados\/bandeira\/BRA.jpg\" align=\"absmiddle\" \/>\u00a0\u00a0BRA<\/td>\n<td align=\"center\"><\/td>\n<td align=\"center\">1.48.15<\/td>\n<td align=\"center\">10<\/td>\n<td align=\"center\"><\/td>\n<td align=\"center\"><\/td>\n<\/tr>\n<tr>\n<td align=\"center\">2<\/td>\n<td align=\"center\">254<\/td>\n<td align=\"left\"><a href=\"https:\/\/www.cbat.org.br\/novo\/curriculo\/main.php?&amp;registro=83091\" target=\"_blank\" rel=\"noopener\">Leonardo Santos de Jesus<\/a><\/td>\n<td align=\"center\"><img decoding=\"async\" src=\"https:\/\/www.cbat.org.br\/competicoes\/resultados\/bandeira\/BRA.jpg\" align=\"absmiddle\" \/>\u00a0\u00a0BRA<\/td>\n<td align=\"center\"><\/td>\n<td align=\"center\">1.48.71<\/td>\n<td align=\"center\">6<\/td>\n<td align=\"center\"><\/td>\n<td align=\"center\"><\/td>\n<\/tr>\n<tr>\n<td align=\"center\">3<\/td>\n<td align=\"center\">150<\/td>\n<td align=\"left\">Marco Vilca<\/td>\n<td align=\"center\"><img decoding=\"async\" src=\"https:\/\/www.cbat.org.br\/competicoes\/resultados\/bandeira\/PER.jpg\" align=\"absmiddle\" \/>\u00a0\u00a0PER<\/td>\n<td align=\"center\"><\/td>\n<td align=\"center\">1.49.69<\/td>\n<td align=\"center\">4<\/td>\n<td align=\"center\"><\/td>\n<td align=\"center\"><\/td>\n<\/tr>\n<tr>\n<td align=\"center\">4<\/td>\n<td align=\"center\">12<\/td>\n<td align=\"left\">Emmert Pedro<\/td>\n<td align=\"center\"><img decoding=\"async\" src=\"https:\/\/www.cbat.org.br\/competicoes\/resultados\/bandeira\/ARG.jpg\" align=\"absmiddle\" \/>\u00a0\u00a0ARG<\/td>\n<td align=\"center\"><\/td>\n<td align=\"center\">1.50.13<\/td>\n<td align=\"center\">3<\/td>\n<td align=\"center\"><\/td>\n<td align=\"center\"><\/td>\n<\/tr>\n<tr>\n<td align=\"center\">5<\/td>\n<td align=\"center\">43<\/td>\n<td align=\"left\">Fernando Ar\u00e9valo<\/td>\n<td align=\"center\"><img decoding=\"async\" src=\"https:\/\/www.cbat.org.br\/competicoes\/resultados\/bandeira\/CHI.jpg\" align=\"absmiddle\" \/>\u00a0\u00a0CHI<\/td>\n<td align=\"center\"><\/td>\n<td align=\"center\">1.52.86<\/td>\n<td align=\"center\">2<\/td>\n<td align=\"center\"><\/td>\n<td align=\"center\"><\/td>\n<\/tr>\n<tr>\n<td align=\"center\">6<\/td>\n<td align=\"center\">110<\/td>\n<td align=\"left\">Daniel Abrahan Taramuel Sanchez<\/td>\n<td align=\"center\"><img decoding=\"async\" src=\"https:\/\/www.cbat.org.br\/competicoes\/resultados\/bandeira\/ECU.jpg\" align=\"absmiddle\" \/>\u00a0\u00a0ECU<\/td>\n<td align=\"center\"><\/td>\n<td align=\"center\">1.53.30<\/td>\n<td align=\"center\">1<\/td>\n<td align=\"center\"><\/td>\n<td align=\"center\"><\/td>\n<\/tr>\n<tr>\n<td align=\"center\">7<\/td>\n<td align=\"center\">177<\/td>\n<td align=\"left\">Jose Gregorio Chourio<\/td>\n<td align=\"center\"><img decoding=\"async\" src=\"https:\/\/www.cbat.org.br\/competicoes\/resultados\/bandeira\/VEN.jpg\" align=\"absmiddle\" \/>\u00a0\u00a0VEN<\/td>\n<td align=\"center\"><\/td>\n<td align=\"center\">1.54.79<\/td>\n<td align=\"center\"><\/td>\n<td align=\"center\"><\/td>\n<td align=\"center\"><\/td>\n<\/tr>\n<tr>\n<td align=\"center\">8<\/td>\n<td align=\"center\">42<\/td>\n<td align=\"left\">Omar Andres Sotomayor Arebalo<\/td>\n<td align=\"center\"><img decoding=\"async\" src=\"https:\/\/www.cbat.org.br\/competicoes\/resultados\/bandeira\/BOL.jpg\" align=\"absmiddle\" \/>\u00a0\u00a0BOL<\/td>\n<td align=\"center\"><\/td>\n<td align=\"center\">1.55.43<\/td>\n<td align=\"center\"><\/td>\n<td align=\"center\"><\/td>\n<td align=\"center\"><\/td>\n<\/tr>\n<tr>\n<td align=\"center\">9<\/td>\n<td align=\"center\">40<\/td>\n<td align=\"left\">Ramiro Ulunque Antezana<\/td>\n<td align=\"center\"><img decoding=\"async\" src=\"https:\/\/www.cbat.org.br\/competicoes\/resultados\/bandeira\/BOL.jpg\" align=\"absmiddle\" \/>\u00a0\u00a0BOL<\/td>\n<td align=\"center\"><\/td>\n<td align=\"center\">1.56.51<\/td>\n<\/tr>\n<\/tbody>\n<\/table>\n<p>&nbsp;<\/p>\n","protected":false},"excerpt":{"rendered":"<p>En la primera de sus competencias en el Sudamericano U23 de atletismo que se desarrolla en Cascavel, Brasil, el rafaelino<\/p>\n","protected":false},"author":2,"featured_media":34799,"comment_status":"closed","ping_status":"closed","sticky":false,"template":"","format":"standard","meta":{"footnotes":""},"categories":[7,24],"tags":[],"class_list":["post-34798","post","type-post","status-publish","format-standard","has-post-thumbnail","hentry","category-atletismo","category-noticias-destacadas"],"cc_featured_image_caption":{"caption_text":"","source_text":"","source_url":""},"_links":{"self":[{"href":"https:\/\/todoapulmon-rafaela.com\/index.php\/wp-json\/wp\/v2\/posts\/34798"}],"collection":[{"href":"https:\/\/todoapulmon-rafaela.com\/index.php\/wp-json\/wp\/v2\/posts"}],"about":[{"href":"https:\/\/todoapulmon-rafaela.com\/index.php\/wp-json\/wp\/v2\/types\/post"}],"author":[{"embeddable":true,"href":"https:\/\/todoapulmon-rafaela.com\/index.php\/wp-json\/wp\/v2\/users\/2"}],"replies":[{"embeddable":true,"href":"https:\/\/todoapulmon-rafaela.com\/index.php\/wp-json\/wp\/v2\/comments?post=34798"}],"version-history":[{"count":3,"href":"https:\/\/todoapulmon-rafaela.com\/index.php\/wp-json\/wp\/v2\/posts\/34798\/revisions"}],"predecessor-version":[{"id":34802,"href":"https:\/\/todoapulmon-rafaela.com\/index.php\/wp-json\/wp\/v2\/posts\/34798\/revisions\/34802"}],"wp:featuredmedia":[{"embeddable":true,"href":"https:\/\/todoapulmon-rafaela.com\/index.php\/wp-json\/wp\/v2\/media\/34799"}],"wp:attachment":[{"href":"https:\/\/todoapulmon-rafaela.com\/index.php\/wp-json\/wp\/v2\/media?parent=34798"}],"wp:term":[{"taxonomy":"category","embeddable":true,"href":"https:\/\/todoapulmon-rafaela.com\/index.php\/wp-json\/wp\/v2\/categories?post=34798"},{"taxonomy":"post_tag","embeddable":true,"href":"https:\/\/todoapulmon-rafaela.com\/index.php\/wp-json\/wp\/v2\/tags?post=34798"}],"curies":[{"name":"wp","href":"https:\/\/api.w.org\/{rel}","templated":true}]}}