{"id":34793,"date":"2022-09-29T21:11:51","date_gmt":"2022-09-29T21:11:51","guid":{"rendered":"https:\/\/todoapulmon-rafaela.com\/?p=34793"},"modified":"2022-09-29T21:11:51","modified_gmt":"2022-09-29T21:11:51","slug":"despues-de-24-anos-nuevo-record-argentino-en-100-metros-con-franco-florio","status":"publish","type":"post","link":"https:\/\/todoapulmon-rafaela.com\/index.php\/2022\/09\/29\/despues-de-24-anos-nuevo-record-argentino-en-100-metros-con-franco-florio\/","title":{"rendered":"Despu\u00e9s de 24 a\u00f1os, nuevo r\u00e9cord argentino en 100 metros con Franco Florio"},"content":{"rendered":"<p>En la pista sint\u00e9tica de Cascavel (Paran\u00e1, Brasil) se desarrolla este viernes la primera jornada del Campeonato Sudamericano U23, donde hubo un impacto en el atletismo argentino con el nuevo r\u00e9cord de los 100 metros llanos. Lo logr\u00f3 el porte\u00f1o Franco Florio al conseguir la medalla de plata de los 100 metros llanos con un tiempo de 10 segundos y 11 cent\u00e9simas, dejando atr\u00e1s los 10s.23 que Carlos Gats consiguiera el 17-7-1998 en el Iberoamericano de Lisboa y que el bahiense Gabriel Antonio Sim\u00f3n igualara un a\u00f1o despu\u00e9s (25-6-99 en la altitud de Bogot\u00e1).<br \/>\nFlorio concret\u00f3 su haza\u00f1a al llevarse el segundo puesto en este campeonato, en ajustado duelo con el defensor del t\u00edtulo, el brasile\u00f1o Erik Felipe Barbosa Cardoso, quien marc\u00f3 10s.08, quedando el bronce para el juvenil colombiano Ronal Longa con 10.30 y el cuarto puesto para otro brasile\u00f1o, Lucas Rodrigues da Silva, con 10s31. La velocidad del viento fue de 0,5 m.s a favor y Florio ya hab\u00eda mostrado que se encontraba en \u00f3ptima forma al correr las eliminatorias en 10.20, aunque con viento a favor de 2,4 ms.<br \/>\nTomando como referencia el gran momento tambi\u00e9n del juvenil rafaelino Tom\u00e1s Mondino, que no pudo estar en este torneo por una lesi\u00f3n, y otros velocistas, se genera una expectativa importante de cara a los pr\u00f3ximos a\u00f1os en estas pruebas.<\/p>\n","protected":false},"excerpt":{"rendered":"<p>En la pista sint\u00e9tica de Cascavel (Paran\u00e1, Brasil) se desarrolla este viernes la primera jornada del Campeonato Sudamericano U23, donde<\/p>\n","protected":false},"author":2,"featured_media":34794,"comment_status":"closed","ping_status":"closed","sticky":false,"template":"","format":"standard","meta":{"footnotes":""},"categories":[7],"tags":[],"class_list":["post-34793","post","type-post","status-publish","format-standard","has-post-thumbnail","hentry","category-atletismo"],"cc_featured_image_caption":{"caption_text":"Florio fue segundo en la final del Sudamericano U23 por apenas tres cent\u00e9simas, pero mejor\u00f3 en 12\/100 el antiguo r\u00e9cord de Gats. (Foto Wagner Carmo).","source_text":"","source_url":""},"_links":{"self":[{"href":"https:\/\/todoapulmon-rafaela.com\/index.php\/wp-json\/wp\/v2\/posts\/34793"}],"collection":[{"href":"https:\/\/todoapulmon-rafaela.com\/index.php\/wp-json\/wp\/v2\/posts"}],"about":[{"href":"https:\/\/todoapulmon-rafaela.com\/index.php\/wp-json\/wp\/v2\/types\/post"}],"author":[{"embeddable":true,"href":"https:\/\/todoapulmon-rafaela.com\/index.php\/wp-json\/wp\/v2\/users\/2"}],"replies":[{"embeddable":true,"href":"https:\/\/todoapulmon-rafaela.com\/index.php\/wp-json\/wp\/v2\/comments?post=34793"}],"version-history":[{"count":1,"href":"https:\/\/todoapulmon-rafaela.com\/index.php\/wp-json\/wp\/v2\/posts\/34793\/revisions"}],"predecessor-version":[{"id":34795,"href":"https:\/\/todoapulmon-rafaela.com\/index.php\/wp-json\/wp\/v2\/posts\/34793\/revisions\/34795"}],"wp:featuredmedia":[{"embeddable":true,"href":"https:\/\/todoapulmon-rafaela.com\/index.php\/wp-json\/wp\/v2\/media\/34794"}],"wp:attachment":[{"href":"https:\/\/todoapulmon-rafaela.com\/index.php\/wp-json\/wp\/v2\/media?parent=34793"}],"wp:term":[{"taxonomy":"category","embeddable":true,"href":"https:\/\/todoapulmon-rafaela.com\/index.php\/wp-json\/wp\/v2\/categories?post=34793"},{"taxonomy":"post_tag","embeddable":true,"href":"https:\/\/todoapulmon-rafaela.com\/index.php\/wp-json\/wp\/v2\/tags?post=34793"}],"curies":[{"name":"wp","href":"https:\/\/api.w.org\/{rel}","templated":true}]}}