{"id":3479,"date":"2016-11-05T12:46:50","date_gmt":"2016-11-05T12:46:50","guid":{"rendered":"http:\/\/todoapulmon-rafaela.com\/?p=3479"},"modified":"2016-11-05T12:56:45","modified_gmt":"2016-11-05T12:56:45","slug":"santa-fe-visita-a-alto-valle","status":"publish","type":"post","link":"https:\/\/todoapulmon-rafaela.com\/index.php\/2016\/11\/05\/santa-fe-visita-a-alto-valle\/","title":{"rendered":"Santa Fe visita a Alto Valle"},"content":{"rendered":"<div class=\"_2cuy _3dgx _2vxa\">El seleccionado de la Uni\u00f3n Santafesina de Rugby visitar\u00e1 este s\u00e1bado a su similar de Alto Valle, por la segunda fecha de la Zona Ascenso A del Argentino Interuniones organizado por la UAR. El encuentro se disputar\u00e1 en el Club Marabunta de Neuqu\u00e9n, a partir de las 16.30 y ser\u00e1 arbitrado por Lucas Gal\u00e1n.<\/div>\n<div class=\"_2cuy _3dgx _2vxa\">En este partido, salvo Franco Davicino que por motivos laborales no pudo viajar, se mantienen en la convocatoria los jugadores de CRAR que ya estuvieron en el debut con victoria ante La Uni\u00f3n del Sur y adem\u00e1s se suma el juvenil Mayco Vivas que tendr\u00e1 su primera convocatoria en el USR mayor. De hecho ser\u00e1n cuatro primeras l\u00edneas de seis los presentes en esta oportunidad.<\/div>\n<div class=\"_2cuy _3dgx _2vxa\">Esta es la n\u00f3mina dispuesta por el entrenador Guillermo Aguilera:<\/div>\n<div class=\"_2cuy _3dgx _2vxa\"><\/div>\n<div class=\"_2cuy _3dgx _2vxa\"><span class=\"_4yxo\">Primeras l\u00edneas <\/span><\/div>\n<div class=\"_2cuy _3dgx _2vxa\">Nicol\u00e1s Guti\u00e9rrez &#8211; C\u00edrculo Rafaelino<\/div>\n<div class=\"_2cuy _3dgx _2vxa\">Mat\u00edas Rocchi &#8211; C\u00edrculo Rafaelino<\/div>\n<div class=\"_2cuy _3dgx _2vxa\">Mart\u00edn Zegaib &#8211; C\u00edrculo Rafaelino<\/div>\n<div class=\"_2cuy _3dgx _2vxa\">Juan Espinosa &#8211; Universitario<\/div>\n<div class=\"_2cuy _3dgx _2vxa\">Gonzalo Del Pazo &#8211; Santa Fe RC<\/div>\n<div class=\"_2cuy _3dgx _2vxa\">Mayco Vivas &#8211; C\u00edrculo Rafaelino<\/div>\n<div class=\"_2cuy _3dgx _2vxa\"><\/div>\n<div class=\"_2cuy _3dgx _2vxa\"><span class=\"_4yxo\">Segundas l\u00edneas<\/span><\/div>\n<div class=\"_2cuy _3dgx _2vxa\">Jos\u00e9 Dogliani &#8211; CRAI<\/div>\n<div class=\"_2cuy _3dgx _2vxa\">Juan Imvinkelried &#8211; C\u00edrculo Rafaelino<\/div>\n<div class=\"_2cuy _3dgx _2vxa\"><\/div>\n<div class=\"_2cuy _3dgx _2vxa\"><span class=\"_4yxo\">Terceras l\u00edneas <\/span><\/div>\n<div class=\"_2cuy _3dgx _2vxa\">Tom\u00e1s Longo &#8211; Santa Fe RC<\/div>\n<div class=\"_2cuy _3dgx _2vxa\">Mart\u00edn M\u00e1ntaras &#8211; Santa Fe RC<\/div>\n<div class=\"_2cuy _3dgx _2vxa\">Gonzalo \u00c1lvarez &#8211; Alma Juniors<\/div>\n<div class=\"_2cuy _3dgx _2vxa\">Jos\u00e9 G\u00e1lvez &#8211; Querand\u00ed<\/div>\n<div class=\"_2cuy _3dgx _2vxa\">Nicol\u00e1s Salte\u00f1o &#8211; Universitario<\/div>\n<div class=\"_2cuy _3dgx _2vxa\"><\/div>\n<div class=\"_2cuy _3dgx _2vxa\"><span class=\"_4yxo\">Medios <\/span><\/div>\n<div class=\"_2cuy _3dgx _2vxa\">Federico Bruzzone &#8211; Universitario<\/div>\n<div class=\"_2cuy _3dgx _2vxa\">Leandro Rivero &#8211; Cha Roga<\/div>\n<div class=\"_2cuy _3dgx _2vxa\">Pablo Villar &#8211; C\u00edrculo Rafaelino<\/div>\n<div class=\"_2cuy _3dgx _2vxa\"><\/div>\n<div class=\"_2cuy _3dgx _2vxa\"><span class=\"_4yxo\">Centros <\/span><\/div>\n<div class=\"_2cuy _3dgx _2vxa\">Ezequiel Ben\u00edtez &#8211; Universitario<\/div>\n<div class=\"_2cuy _3dgx _2vxa\">Ian Sbisa &#8211; Santa Fe RC<\/div>\n<div class=\"_2cuy _3dgx _2vxa\">C\u00e9sar Grosso &#8211; Universitario R<\/div>\n<div class=\"_2cuy _3dgx _2vxa\">Gonzalo Gal\u00e1n &#8211; Santa Fe RC<\/div>\n<div class=\"_2cuy _3dgx _2vxa\"><\/div>\n<div class=\"_2cuy _3dgx _2vxa\"><span class=\"_4yxo\">Wingers <\/span><\/div>\n<div class=\"_2cuy _3dgx _2vxa\">Mart\u00edn Visuara &#8211; La Salle<\/div>\n<div class=\"_2cuy _3dgx _2vxa\">Felipe Nepote &#8211; Universitario<\/div>\n<div class=\"_2cuy _3dgx _2vxa\">Tom\u00e1s Kerz &#8211; Santa Fe RC<\/div>\n<div class=\"_2cuy _3dgx _2vxa\"><\/div>\n<div class=\"_2cuy _3dgx _2vxa\"><span class=\"_4yxo\">Fullback<\/span><\/div>\n<div class=\"_2cuy _3dgx _2vxa\">Tom\u00e1s Marconi &#8211; La Salle<\/div>\n","protected":false},"excerpt":{"rendered":"<p>El seleccionado de la Uni\u00f3n Santafesina de Rugby visitar\u00e1 este s\u00e1bado a su similar de Alto Valle, por la segunda<\/p>\n","protected":false},"author":2,"featured_media":3480,"comment_status":"open","ping_status":"open","sticky":false,"template":"","format":"standard","meta":{"footnotes":""},"categories":[2],"tags":[],"class_list":["post-3479","post","type-post","status-publish","format-standard","has-post-thumbnail","hentry","category-rugby"],"cc_featured_image_caption":{"caption_text":"Santa Fe buscar\u00e1 una nueva victoria (foto Gonzalo Pasquet).","source_text":"","source_url":""},"_links":{"self":[{"href":"https:\/\/todoapulmon-rafaela.com\/index.php\/wp-json\/wp\/v2\/posts\/3479"}],"collection":[{"href":"https:\/\/todoapulmon-rafaela.com\/index.php\/wp-json\/wp\/v2\/posts"}],"about":[{"href":"https:\/\/todoapulmon-rafaela.com\/index.php\/wp-json\/wp\/v2\/types\/post"}],"author":[{"embeddable":true,"href":"https:\/\/todoapulmon-rafaela.com\/index.php\/wp-json\/wp\/v2\/users\/2"}],"replies":[{"embeddable":true,"href":"https:\/\/todoapulmon-rafaela.com\/index.php\/wp-json\/wp\/v2\/comments?post=3479"}],"version-history":[{"count":3,"href":"https:\/\/todoapulmon-rafaela.com\/index.php\/wp-json\/wp\/v2\/posts\/3479\/revisions"}],"predecessor-version":[{"id":3483,"href":"https:\/\/todoapulmon-rafaela.com\/index.php\/wp-json\/wp\/v2\/posts\/3479\/revisions\/3483"}],"wp:featuredmedia":[{"embeddable":true,"href":"https:\/\/todoapulmon-rafaela.com\/index.php\/wp-json\/wp\/v2\/media\/3480"}],"wp:attachment":[{"href":"https:\/\/todoapulmon-rafaela.com\/index.php\/wp-json\/wp\/v2\/media?parent=3479"}],"wp:term":[{"taxonomy":"category","embeddable":true,"href":"https:\/\/todoapulmon-rafaela.com\/index.php\/wp-json\/wp\/v2\/categories?post=3479"},{"taxonomy":"post_tag","embeddable":true,"href":"https:\/\/todoapulmon-rafaela.com\/index.php\/wp-json\/wp\/v2\/tags?post=3479"}],"curies":[{"name":"wp","href":"https:\/\/api.w.org\/{rel}","templated":true}]}}