{"id":34731,"date":"2022-09-27T17:04:09","date_gmt":"2022-09-27T17:04:09","guid":{"rendered":"https:\/\/todoapulmon-rafaela.com\/?p=34731"},"modified":"2022-09-27T17:04:09","modified_gmt":"2022-09-27T17:04:09","slug":"romitelli-fue-tercero-en-el-nacional-de-estados-unidos","status":"publish","type":"post","link":"https:\/\/todoapulmon-rafaela.com\/index.php\/2022\/09\/27\/romitelli-fue-tercero-en-el-nacional-de-estados-unidos\/","title":{"rendered":"Romitelli fue tercero en el Nacional de Estados Unidos"},"content":{"rendered":"<p>El tirador Germ\u00e1n Romitelli finaliz\u00f3 en la tercera posici\u00f3n del Nacional de Estados Unidos de tiro pr\u00e1ctico, realizado el fin de semana en Florida.<\/p>\n<p>El campeonato se desarroll\u00f3 durante dos jornadas en 16 etapas, con 300 disparos aproximadamente. Como en el Panamericano, donde el rafaelino tambi\u00e9n culmin\u00f3 tercero, se impuso el estadounidense Jacob Hetherington.<\/p>\n<p>Cabe destacar que hubo 5 argentinos (Romitelli el mejor ubicado) entre los 10 primeros.<\/p>\n<table class=\"table table-sm table-responsive-sm\">\n<tbody>\n<tr>\n<td>1<\/td>\n<td>110<\/td>\n<td>Hetherington, Jacob<\/td>\n<td><\/td>\n<td>G<\/td>\n<td>Minor<\/td>\n<td>USA<\/td>\n<td>1,324.0855<\/td>\n<td>100.00<\/td>\n<\/tr>\n<tr>\n<td>2<\/td>\n<td>10<\/td>\n<td>Luna, Sal<\/td>\n<td><\/td>\n<td>U<\/td>\n<td>Minor<\/td>\n<td>USA<\/td>\n<td>1,256.6939<\/td>\n<td>94.91<\/td>\n<\/tr>\n<tr>\n<td>3<\/td>\n<td>71<\/td>\n<td>Romitelli, German<\/td>\n<td><\/td>\n<td>G<\/td>\n<td>Minor<\/td>\n<td>ARG<\/td>\n<td>1,222.6479<\/td>\n<td>92.34<\/td>\n<\/tr>\n<tr>\n<td>4<\/td>\n<td>26<\/td>\n<td>Duran, Juan Pablo<\/td>\n<td>Junior<\/td>\n<td>U<\/td>\n<td>Minor<\/td>\n<td>ARG<\/td>\n<td>1,199.4612<\/td>\n<td>90.59<\/td>\n<\/tr>\n<tr>\n<td>5<\/td>\n<td>38<\/td>\n<td>De Cobos Abreu, Eduardo<\/td>\n<td><\/td>\n<td>U<\/td>\n<td>Minor<\/td>\n<td>ESP<\/td>\n<td>1,173.6361<\/td>\n<td>88.64<\/td>\n<\/tr>\n<tr>\n<td>6<\/td>\n<td>16<\/td>\n<td>Orozco, Nicolas<\/td>\n<td><\/td>\n<td>U<\/td>\n<td>Minor<\/td>\n<td>ARG<\/td>\n<td>1,108.3197<\/td>\n<td>83.70<\/td>\n<\/tr>\n<tr>\n<td>7<\/td>\n<td>67<\/td>\n<td>Savarelli, Franco<\/td>\n<td><\/td>\n<td>U<\/td>\n<td>Minor<\/td>\n<td>ARG<\/td>\n<td>1,047.6862<\/td>\n<td>79.13<\/td>\n<\/tr>\n<tr>\n<td>8<\/td>\n<td>89<\/td>\n<td>Perez-MacCollum, Ignacio<\/td>\n<td>Junior<\/td>\n<td>U<\/td>\n<td>Minor<\/td>\n<td>ECU<\/td>\n<td>1,024.3112<\/td>\n<td>77.36<\/td>\n<\/tr>\n<tr>\n<td>9<\/td>\n<td>63<\/td>\n<td>Maldonado, Rodrigo<\/td>\n<td><\/td>\n<td>U<\/td>\n<td>Minor<\/td>\n<td>ARG<\/td>\n<td>1,019.9993<\/td>\n<td>77.03<\/td>\n<\/tr>\n<tr>\n<td>10<\/td>\n<td>72<\/td>\n<td>Larranaga, Enrique<\/td>\n<td><\/td>\n<td>U<\/td>\n<td>Minor<\/td>\n<td>URU<\/td>\n<td>999.3356<\/td>\n<td>75.47<\/td>\n<\/tr>\n<\/tbody>\n<\/table>\n<p>Ahora Romitelli est\u00e1 regresando a Argentina, ya que los d\u00edas 8 y 9 de octubre tirar\u00e1 el Nacional, mientras que en noviembre es el Mundial en Tailandia.<\/p>\n<p>&nbsp;<\/p>\n<p>&nbsp;<\/p>\n","protected":false},"excerpt":{"rendered":"<p>El tirador Germ\u00e1n Romitelli finaliz\u00f3 en la tercera posici\u00f3n del Nacional de Estados Unidos de tiro pr\u00e1ctico, realizado el fin<\/p>\n","protected":false},"author":2,"featured_media":34732,"comment_status":"closed","ping_status":"closed","sticky":false,"template":"","format":"standard","meta":{"footnotes":""},"categories":[24,19],"tags":[],"class_list":["post-34731","post","type-post","status-publish","format-standard","has-post-thumbnail","hentry","category-noticias-destacadas","category-tiro"],"cc_featured_image_caption":{"caption_text":"","source_text":"","source_url":""},"_links":{"self":[{"href":"https:\/\/todoapulmon-rafaela.com\/index.php\/wp-json\/wp\/v2\/posts\/34731"}],"collection":[{"href":"https:\/\/todoapulmon-rafaela.com\/index.php\/wp-json\/wp\/v2\/posts"}],"about":[{"href":"https:\/\/todoapulmon-rafaela.com\/index.php\/wp-json\/wp\/v2\/types\/post"}],"author":[{"embeddable":true,"href":"https:\/\/todoapulmon-rafaela.com\/index.php\/wp-json\/wp\/v2\/users\/2"}],"replies":[{"embeddable":true,"href":"https:\/\/todoapulmon-rafaela.com\/index.php\/wp-json\/wp\/v2\/comments?post=34731"}],"version-history":[{"count":1,"href":"https:\/\/todoapulmon-rafaela.com\/index.php\/wp-json\/wp\/v2\/posts\/34731\/revisions"}],"predecessor-version":[{"id":34733,"href":"https:\/\/todoapulmon-rafaela.com\/index.php\/wp-json\/wp\/v2\/posts\/34731\/revisions\/34733"}],"wp:featuredmedia":[{"embeddable":true,"href":"https:\/\/todoapulmon-rafaela.com\/index.php\/wp-json\/wp\/v2\/media\/34732"}],"wp:attachment":[{"href":"https:\/\/todoapulmon-rafaela.com\/index.php\/wp-json\/wp\/v2\/media?parent=34731"}],"wp:term":[{"taxonomy":"category","embeddable":true,"href":"https:\/\/todoapulmon-rafaela.com\/index.php\/wp-json\/wp\/v2\/categories?post=34731"},{"taxonomy":"post_tag","embeddable":true,"href":"https:\/\/todoapulmon-rafaela.com\/index.php\/wp-json\/wp\/v2\/tags?post=34731"}],"curies":[{"name":"wp","href":"https:\/\/api.w.org\/{rel}","templated":true}]}}